{"id":43194,"date":"2025-07-23T09:00:29","date_gmt":"2025-07-23T12:00:29","guid":{"rendered":"https:\/\/www.vagasparana.com.br\/?p=43194"},"modified":"2025-09-13T13:45:32","modified_gmt":"2025-09-13T16:45:32","slug":"lider-de-instalacoes-tecnico-aplicacoes-instalacoes-curitiba-prs2017-pr","status":"publish","type":"post","link":"https:\/\/www.vagasparana.com.br\/index.php\/2025\/07\/23\/lider-de-instalacoes-tecnico-aplicacoes-instalacoes-curitiba-prs2017-pr\/","title":{"rendered":"L\u00edder de Instala\u00e7\u00f5es (T\u00e9cnico Aplica\u00e7\u00f5es \/ Instala\u00e7\u00f5es) &#8211; Curitiba \/ PRS2017 &#8211; PR"},"content":{"rendered":"<p style=\"text-align: justify;\">Atribui\u00e7\u00f5es:<\/p>\n<ul style=\"text-align: justify;\">\n<li>\u00a0Liderar equipe de auxiliares t\u00e9cnicos em instala\u00e7\u00f5es.<\/li>\n<li>\u00a0Receber informa\u00e7\u00f5es de projetos \/ servi\u00e7o a ser executado, com base nisso planejar atividades a serem executadas em campo, organizando e preparando insumos e materiais, orientar e acompanhar auxiliares na execu\u00e7\u00e3o de atividades.<\/li>\n<li>\u00a0Emitir e atualizar relat\u00f3rio de andamento de obra<\/li>\n<li>\u00a0Montagem e instala\u00e7\u00e3o em campo de pain\u00e9is el\u00e9tricos conforme padr\u00f5es e projetos;<\/li>\n<li>\u00a0Montagem em campo de infraestrutura para instala\u00e7\u00f5es el\u00e9tricas e mec\u00e1nicas conforme padr\u00e3o e projetos;<\/li>\n<li>\u00a0Instala\u00e7\u00e3o em campo de componentes eletr\u00f4nicos conforme padr\u00e3o e projetos;<\/li>\n<li>\u00a0Fixa\u00e7\u00e3o de estruturas met\u00e1licas (grades, policarbonato&#8230; Etc) conforme padr\u00e3o e projetos;<\/li>\n<li>\u00a0Lan\u00e7amento de equipamentos em altura, se necess\u00e1rio<\/li>\n<li>\u00a0Utilizar de forma racional os recursos disponibilizados pela empresa<\/li>\n<li>\u00a0Dirigir autom\u00f3vel da empresa at\u00e9 planta do cliente<\/li>\n<li>\u00a0Transporte de equipamentos<\/li>\n<li>\u00a0Manuten\u00e7\u00e3o e limpeza de equipamentos<\/li>\n<\/ul>\n<p style=\"text-align: justify;\">Requisitos:<\/p>\n<ul style=\"text-align: justify;\">\n<li>\u00a0Forma\u00e7\u00e3o T\u00e9cnica em Automa\u00e7\u00e3o, Eletrica ou Macatr\u00f4nica.<\/li>\n<li>\u00a0Dispon\u00edvel em todos os turnos<\/li>\n<li>\u00a0CNH B<\/li>\n<li>\u00a0Dispon\u00edvel para viajar<\/li>\n<li>\u00a0Trabalho em Altura<\/li>\n<\/ul>\n<p style=\"text-align: justify;\">Jornada de Trabalho:<\/p>\n<ul style=\"text-align: justify;\">\n<li>Segunda a Sexta Feira das 08:00 \u00e0s 18:00<\/li>\n<\/ul>\n<p style=\"text-align: justify;\">Sal\u00e1rio:<\/p>\n<ul style=\"text-align: justify;\">\n<li>R$ 3 000,00<\/li>\n<\/ul>\n<p style=\"text-align: justify;\">Benef\u00edcios:<\/p>\n<ul style=\"text-align: justify;\">\n<li>Vale Transporte<\/li>\n<li>Vale Refei\u00e7\u00e3o Flex<\/li>\n<li>Total Pass<\/li>\n<li>Club Gazeta<\/li>\n<li>Seguro Vida<\/li>\n<li>Plano de Sa\u00fade e Odontol\u00f3gico<\/li>\n<li>SESC<\/li>\n<li>Notebook<\/li>\n<\/ul>\n<p style=\"text-align: justify;\">Data m\u00e1xima para envio de curr\u00edculos:\u00a0 31-12-2025<\/p>\n<p style=\"text-align: justify;\">Enviar curr\u00edculo informando no assunto do e-mail a vaga de interesse para <a href=\"mailto:Vagas@PrestadoraExpertise.com.br\">Vagas@PrestadoraExpertise.com.br<\/a><\/p>\n","protected":false},"excerpt":{"rendered":"<p>Atribui\u00e7\u00f5es: \u00a0Liderar equipe de auxiliares t\u00e9cnicos em instala\u00e7\u00f5es. \u00a0Receber informa\u00e7\u00f5es de projetos \/ servi\u00e7o a ser executado, com base nisso planejar atividades a serem executadas [&#8230;]<\/p>\n","protected":false},"author":2,"featured_media":0,"comment_status":"closed","ping_status":"closed","sticky":false,"template":"","format":"standard","meta":{"footnotes":""},"categories":[37,51,118],"tags":[],"class_list":["post-43194","post","type-post","status-publish","format-standard","hentry","category-eletricidade","category-ensino-tecnico-completo","category-diversos"],"yoast_head":"<!-- This site is optimized with the Yoast SEO plugin v27.5 - https:\/\/yoast.com\/product\/yoast-seo-wordpress\/ -->\n<title>L\u00edder de Instala\u00e7\u00f5es (T\u00e9cnico Aplica\u00e7\u00f5es \/ Instala\u00e7\u00f5es) - Curitiba \/ PRS2017 - PR - Vagas Paran\u00e1<\/title>\n<meta name=\"robots\" content=\"index, follow, max-snippet:-1, max-image-preview:large, max-video-preview:-1\" \/>\n<link rel=\"canonical\" href=\"https:\/\/www.vagasparana.com.br\/index.php\/2025\/07\/23\/lider-de-instalacoes-tecnico-aplicacoes-instalacoes-curitiba-prs2017-pr\/\" \/>\n<meta property=\"og:locale\" content=\"pt_BR\" \/>\n<meta property=\"og:type\" content=\"article\" \/>\n<meta property=\"og:title\" content=\"L\u00edder de Instala\u00e7\u00f5es (T\u00e9cnico Aplica\u00e7\u00f5es \/ Instala\u00e7\u00f5es) - Curitiba \/ PRS2017 - PR - Vagas Paran\u00e1\" \/>\n<meta property=\"og:description\" content=\"Atribui\u00e7\u00f5es: \u00a0Liderar equipe de auxiliares t\u00e9cnicos em instala\u00e7\u00f5es. \u00a0Receber informa\u00e7\u00f5es de projetos \/ servi\u00e7o a ser executado, com base nisso planejar atividades a serem executadas [...]\" \/>\n<meta property=\"og:url\" content=\"https:\/\/www.vagasparana.com.br\/index.php\/2025\/07\/23\/lider-de-instalacoes-tecnico-aplicacoes-instalacoes-curitiba-prs2017-pr\/\" \/>\n<meta property=\"og:site_name\" content=\"Vagas Paran\u00e1\" \/>\n<meta property=\"article:published_time\" content=\"2025-07-23T12:00:29+00:00\" \/>\n<meta property=\"article:modified_time\" content=\"2025-09-13T16:45:32+00:00\" \/>\n<meta name=\"author\" content=\"Vagas Paran\u00e1\" \/>\n<meta name=\"twitter:card\" content=\"summary_large_image\" \/>\n<meta name=\"twitter:label1\" content=\"Escrito por\" \/>\n\t<meta name=\"twitter:data1\" content=\"Vagas Paran\u00e1\" \/>\n\t<meta name=\"twitter:label2\" content=\"Est. tempo de leitura\" \/>\n\t<meta name=\"twitter:data2\" content=\"2 minutos\" \/>\n<script type=\"application\/ld+json\" class=\"yoast-schema-graph\">{\"@context\":\"https:\\\/\\\/schema.org\",\"@graph\":[{\"@type\":\"Article\",\"@id\":\"https:\\\/\\\/www.vagasparana.com.br\\\/index.php\\\/2025\\\/07\\\/23\\\/lider-de-instalacoes-tecnico-aplicacoes-instalacoes-curitiba-prs2017-pr\\\/#article\",\"isPartOf\":{\"@id\":\"https:\\\/\\\/www.vagasparana.com.br\\\/index.php\\\/2025\\\/07\\\/23\\\/lider-de-instalacoes-tecnico-aplicacoes-instalacoes-curitiba-prs2017-pr\\\/\"},\"author\":{\"name\":\"Vagas Paran\u00e1\",\"@id\":\"https:\\\/\\\/www.vagasparana.com.br\\\/#\\\/schema\\\/person\\\/e9f1b5eee80e419283ff066c3d1bf3de\"},\"headline\":\"L\u00edder de Instala\u00e7\u00f5es (T\u00e9cnico Aplica\u00e7\u00f5es \\\/ Instala\u00e7\u00f5es) &#8211; Curitiba \\\/ PRS2017 &#8211; PR\",\"datePublished\":\"2025-07-23T12:00:29+00:00\",\"dateModified\":\"2025-09-13T16:45:32+00:00\",\"mainEntityOfPage\":{\"@id\":\"https:\\\/\\\/www.vagasparana.com.br\\\/index.php\\\/2025\\\/07\\\/23\\\/lider-de-instalacoes-tecnico-aplicacoes-instalacoes-curitiba-prs2017-pr\\\/\"},\"wordCount\":257,\"publisher\":{\"@id\":\"https:\\\/\\\/www.vagasparana.com.br\\\/#organization\"},\"articleSection\":[\"eletricidade\",\"ensino t\u00e9cnico\",\"vagas diversas\"],\"inLanguage\":\"pt-BR\"},{\"@type\":\"WebPage\",\"@id\":\"https:\\\/\\\/www.vagasparana.com.br\\\/index.php\\\/2025\\\/07\\\/23\\\/lider-de-instalacoes-tecnico-aplicacoes-instalacoes-curitiba-prs2017-pr\\\/\",\"url\":\"https:\\\/\\\/www.vagasparana.com.br\\\/index.php\\\/2025\\\/07\\\/23\\\/lider-de-instalacoes-tecnico-aplicacoes-instalacoes-curitiba-prs2017-pr\\\/\",\"name\":\"L\u00edder de Instala\u00e7\u00f5es (T\u00e9cnico Aplica\u00e7\u00f5es \\\/ Instala\u00e7\u00f5es) - Curitiba \\\/ PRS2017 - PR - Vagas Paran\u00e1\",\"isPartOf\":{\"@id\":\"https:\\\/\\\/www.vagasparana.com.br\\\/#website\"},\"datePublished\":\"2025-07-23T12:00:29+00:00\",\"dateModified\":\"2025-09-13T16:45:32+00:00\",\"breadcrumb\":{\"@id\":\"https:\\\/\\\/www.vagasparana.com.br\\\/index.php\\\/2025\\\/07\\\/23\\\/lider-de-instalacoes-tecnico-aplicacoes-instalacoes-curitiba-prs2017-pr\\\/#breadcrumb\"},\"inLanguage\":\"pt-BR\",\"potentialAction\":[{\"@type\":\"ReadAction\",\"target\":[\"https:\\\/\\\/www.vagasparana.com.br\\\/index.php\\\/2025\\\/07\\\/23\\\/lider-de-instalacoes-tecnico-aplicacoes-instalacoes-curitiba-prs2017-pr\\\/\"]}]},{\"@type\":\"BreadcrumbList\",\"@id\":\"https:\\\/\\\/www.vagasparana.com.br\\\/index.php\\\/2025\\\/07\\\/23\\\/lider-de-instalacoes-tecnico-aplicacoes-instalacoes-curitiba-prs2017-pr\\\/#breadcrumb\",\"itemListElement\":[{\"@type\":\"ListItem\",\"position\":1,\"name\":\"Home\",\"item\":\"https:\\\/\\\/www.vagasparana.com.br\\\/\"},{\"@type\":\"ListItem\",\"position\":2,\"name\":\"L\u00edder de Instala\u00e7\u00f5es (T\u00e9cnico Aplica\u00e7\u00f5es \\\/ Instala\u00e7\u00f5es) &#8211; Curitiba \\\/ PRS2017 &#8211; PR\"}]},{\"@type\":\"WebSite\",\"@id\":\"https:\\\/\\\/www.vagasparana.com.br\\\/#website\",\"url\":\"https:\\\/\\\/www.vagasparana.com.br\\\/\",\"name\":\"Vagas Paran\u00e1\",\"description\":\"Vagas de Emprego e Est\u00e1gio no Paran\u00e1\",\"publisher\":{\"@id\":\"https:\\\/\\\/www.vagasparana.com.br\\\/#organization\"},\"potentialAction\":[{\"@type\":\"SearchAction\",\"target\":{\"@type\":\"EntryPoint\",\"urlTemplate\":\"https:\\\/\\\/www.vagasparana.com.br\\\/?s={search_term_string}\"},\"query-input\":{\"@type\":\"PropertyValueSpecification\",\"valueRequired\":true,\"valueName\":\"search_term_string\"}}],\"inLanguage\":\"pt-BR\"},{\"@type\":\"Organization\",\"@id\":\"https:\\\/\\\/www.vagasparana.com.br\\\/#organization\",\"name\":\"Vagas Paran\u00e1\",\"url\":\"https:\\\/\\\/www.vagasparana.com.br\\\/\",\"logo\":{\"@type\":\"ImageObject\",\"inLanguage\":\"pt-BR\",\"@id\":\"https:\\\/\\\/www.vagasparana.com.br\\\/#\\\/schema\\\/logo\\\/image\\\/\",\"url\":\"https:\\\/\\\/www.vagasparana.com.br\\\/wp-content\\\/uploads\\\/2025\\\/06\\\/cropped-vpr_logo2021.jpg\",\"contentUrl\":\"https:\\\/\\\/www.vagasparana.com.br\\\/wp-content\\\/uploads\\\/2025\\\/06\\\/cropped-vpr_logo2021.jpg\",\"width\":270,\"height\":100,\"caption\":\"Vagas Paran\u00e1\"},\"image\":{\"@id\":\"https:\\\/\\\/www.vagasparana.com.br\\\/#\\\/schema\\\/logo\\\/image\\\/\"}},{\"@type\":\"Person\",\"@id\":\"https:\\\/\\\/www.vagasparana.com.br\\\/#\\\/schema\\\/person\\\/e9f1b5eee80e419283ff066c3d1bf3de\",\"name\":\"Vagas Paran\u00e1\",\"image\":{\"@type\":\"ImageObject\",\"inLanguage\":\"pt-BR\",\"@id\":\"https:\\\/\\\/secure.gravatar.com\\\/avatar\\\/e198f9393383244894b06db503be8cb43011f384a429c7a9f84f3f61c138a35e?s=96&r=g\",\"url\":\"https:\\\/\\\/secure.gravatar.com\\\/avatar\\\/e198f9393383244894b06db503be8cb43011f384a429c7a9f84f3f61c138a35e?s=96&r=g\",\"contentUrl\":\"https:\\\/\\\/secure.gravatar.com\\\/avatar\\\/e198f9393383244894b06db503be8cb43011f384a429c7a9f84f3f61c138a35e?s=96&r=g\",\"caption\":\"Vagas Paran\u00e1\"},\"url\":\"https:\\\/\\\/www.vagasparana.com.br\\\/index.php\\\/author\\\/vagasemprego\\\/\"}]}<\/script>\n<!-- \/ Yoast SEO plugin. -->","yoast_head_json":{"title":"L\u00edder de Instala\u00e7\u00f5es (T\u00e9cnico Aplica\u00e7\u00f5es \/ Instala\u00e7\u00f5es) - Curitiba \/ PRS2017 - PR - Vagas Paran\u00e1","robots":{"index":"index","follow":"follow","max-snippet":"max-snippet:-1","max-image-preview":"max-image-preview:large","max-video-preview":"max-video-preview:-1"},"canonical":"https:\/\/www.vagasparana.com.br\/index.php\/2025\/07\/23\/lider-de-instalacoes-tecnico-aplicacoes-instalacoes-curitiba-prs2017-pr\/","og_locale":"pt_BR","og_type":"article","og_title":"L\u00edder de Instala\u00e7\u00f5es (T\u00e9cnico Aplica\u00e7\u00f5es \/ Instala\u00e7\u00f5es) - Curitiba \/ PRS2017 - PR - Vagas Paran\u00e1","og_description":"Atribui\u00e7\u00f5es: \u00a0Liderar equipe de auxiliares t\u00e9cnicos em instala\u00e7\u00f5es. \u00a0Receber informa\u00e7\u00f5es de projetos \/ servi\u00e7o a ser executado, com base nisso planejar atividades a serem executadas [...]","og_url":"https:\/\/www.vagasparana.com.br\/index.php\/2025\/07\/23\/lider-de-instalacoes-tecnico-aplicacoes-instalacoes-curitiba-prs2017-pr\/","og_site_name":"Vagas Paran\u00e1","article_published_time":"2025-07-23T12:00:29+00:00","article_modified_time":"2025-09-13T16:45:32+00:00","author":"Vagas Paran\u00e1","twitter_card":"summary_large_image","twitter_misc":{"Escrito por":"Vagas Paran\u00e1","Est. tempo de leitura":"2 minutos"},"schema":{"@context":"https:\/\/schema.org","@graph":[{"@type":"Article","@id":"https:\/\/www.vagasparana.com.br\/index.php\/2025\/07\/23\/lider-de-instalacoes-tecnico-aplicacoes-instalacoes-curitiba-prs2017-pr\/#article","isPartOf":{"@id":"https:\/\/www.vagasparana.com.br\/index.php\/2025\/07\/23\/lider-de-instalacoes-tecnico-aplicacoes-instalacoes-curitiba-prs2017-pr\/"},"author":{"name":"Vagas Paran\u00e1","@id":"https:\/\/www.vagasparana.com.br\/#\/schema\/person\/e9f1b5eee80e419283ff066c3d1bf3de"},"headline":"L\u00edder de Instala\u00e7\u00f5es (T\u00e9cnico Aplica\u00e7\u00f5es \/ Instala\u00e7\u00f5es) &#8211; Curitiba \/ PRS2017 &#8211; PR","datePublished":"2025-07-23T12:00:29+00:00","dateModified":"2025-09-13T16:45:32+00:00","mainEntityOfPage":{"@id":"https:\/\/www.vagasparana.com.br\/index.php\/2025\/07\/23\/lider-de-instalacoes-tecnico-aplicacoes-instalacoes-curitiba-prs2017-pr\/"},"wordCount":257,"publisher":{"@id":"https:\/\/www.vagasparana.com.br\/#organization"},"articleSection":["eletricidade","ensino t\u00e9cnico","vagas diversas"],"inLanguage":"pt-BR"},{"@type":"WebPage","@id":"https:\/\/www.vagasparana.com.br\/index.php\/2025\/07\/23\/lider-de-instalacoes-tecnico-aplicacoes-instalacoes-curitiba-prs2017-pr\/","url":"https:\/\/www.vagasparana.com.br\/index.php\/2025\/07\/23\/lider-de-instalacoes-tecnico-aplicacoes-instalacoes-curitiba-prs2017-pr\/","name":"L\u00edder de Instala\u00e7\u00f5es (T\u00e9cnico Aplica\u00e7\u00f5es \/ Instala\u00e7\u00f5es) - Curitiba \/ PRS2017 - PR - Vagas Paran\u00e1","isPartOf":{"@id":"https:\/\/www.vagasparana.com.br\/#website"},"datePublished":"2025-07-23T12:00:29+00:00","dateModified":"2025-09-13T16:45:32+00:00","breadcrumb":{"@id":"https:\/\/www.vagasparana.com.br\/index.php\/2025\/07\/23\/lider-de-instalacoes-tecnico-aplicacoes-instalacoes-curitiba-prs2017-pr\/#breadcrumb"},"inLanguage":"pt-BR","potentialAction":[{"@type":"ReadAction","target":["https:\/\/www.vagasparana.com.br\/index.php\/2025\/07\/23\/lider-de-instalacoes-tecnico-aplicacoes-instalacoes-curitiba-prs2017-pr\/"]}]},{"@type":"BreadcrumbList","@id":"https:\/\/www.vagasparana.com.br\/index.php\/2025\/07\/23\/lider-de-instalacoes-tecnico-aplicacoes-instalacoes-curitiba-prs2017-pr\/#breadcrumb","itemListElement":[{"@type":"ListItem","position":1,"name":"Home","item":"https:\/\/www.vagasparana.com.br\/"},{"@type":"ListItem","position":2,"name":"L\u00edder de Instala\u00e7\u00f5es (T\u00e9cnico Aplica\u00e7\u00f5es \/ Instala\u00e7\u00f5es) &#8211; Curitiba \/ PRS2017 &#8211; PR"}]},{"@type":"WebSite","@id":"https:\/\/www.vagasparana.com.br\/#website","url":"https:\/\/www.vagasparana.com.br\/","name":"Vagas Paran\u00e1","description":"Vagas de Emprego e Est\u00e1gio no Paran\u00e1","publisher":{"@id":"https:\/\/www.vagasparana.com.br\/#organization"},"potentialAction":[{"@type":"SearchAction","target":{"@type":"EntryPoint","urlTemplate":"https:\/\/www.vagasparana.com.br\/?s={search_term_string}"},"query-input":{"@type":"PropertyValueSpecification","valueRequired":true,"valueName":"search_term_string"}}],"inLanguage":"pt-BR"},{"@type":"Organization","@id":"https:\/\/www.vagasparana.com.br\/#organization","name":"Vagas Paran\u00e1","url":"https:\/\/www.vagasparana.com.br\/","logo":{"@type":"ImageObject","inLanguage":"pt-BR","@id":"https:\/\/www.vagasparana.com.br\/#\/schema\/logo\/image\/","url":"https:\/\/www.vagasparana.com.br\/wp-content\/uploads\/2025\/06\/cropped-vpr_logo2021.jpg","contentUrl":"https:\/\/www.vagasparana.com.br\/wp-content\/uploads\/2025\/06\/cropped-vpr_logo2021.jpg","width":270,"height":100,"caption":"Vagas Paran\u00e1"},"image":{"@id":"https:\/\/www.vagasparana.com.br\/#\/schema\/logo\/image\/"}},{"@type":"Person","@id":"https:\/\/www.vagasparana.com.br\/#\/schema\/person\/e9f1b5eee80e419283ff066c3d1bf3de","name":"Vagas Paran\u00e1","image":{"@type":"ImageObject","inLanguage":"pt-BR","@id":"https:\/\/secure.gravatar.com\/avatar\/e198f9393383244894b06db503be8cb43011f384a429c7a9f84f3f61c138a35e?s=96&r=g","url":"https:\/\/secure.gravatar.com\/avatar\/e198f9393383244894b06db503be8cb43011f384a429c7a9f84f3f61c138a35e?s=96&r=g","contentUrl":"https:\/\/secure.gravatar.com\/avatar\/e198f9393383244894b06db503be8cb43011f384a429c7a9f84f3f61c138a35e?s=96&r=g","caption":"Vagas Paran\u00e1"},"url":"https:\/\/www.vagasparana.com.br\/index.php\/author\/vagasemprego\/"}]}},"_links":{"self":[{"href":"https:\/\/www.vagasparana.com.br\/index.php\/wp-json\/wp\/v2\/posts\/43194","targetHints":{"allow":["GET"]}}],"collection":[{"href":"https:\/\/www.vagasparana.com.br\/index.php\/wp-json\/wp\/v2\/posts"}],"about":[{"href":"https:\/\/www.vagasparana.com.br\/index.php\/wp-json\/wp\/v2\/types\/post"}],"author":[{"embeddable":true,"href":"https:\/\/www.vagasparana.com.br\/index.php\/wp-json\/wp\/v2\/users\/2"}],"replies":[{"embeddable":true,"href":"https:\/\/www.vagasparana.com.br\/index.php\/wp-json\/wp\/v2\/comments?post=43194"}],"version-history":[{"count":1,"href":"https:\/\/www.vagasparana.com.br\/index.php\/wp-json\/wp\/v2\/posts\/43194\/revisions"}],"predecessor-version":[{"id":43195,"href":"https:\/\/www.vagasparana.com.br\/index.php\/wp-json\/wp\/v2\/posts\/43194\/revisions\/43195"}],"wp:attachment":[{"href":"https:\/\/www.vagasparana.com.br\/index.php\/wp-json\/wp\/v2\/media?parent=43194"}],"wp:term":[{"taxonomy":"category","embeddable":true,"href":"https:\/\/www.vagasparana.com.br\/index.php\/wp-json\/wp\/v2\/categories?post=43194"},{"taxonomy":"post_tag","embeddable":true,"href":"https:\/\/www.vagasparana.com.br\/index.php\/wp-json\/wp\/v2\/tags?post=43194"}],"curies":[{"name":"wp","href":"https:\/\/api.w.org\/{rel}","templated":true}]}}