{"id":43408,"date":"2025-08-07T13:00:43","date_gmt":"2025-08-07T16:00:43","guid":{"rendered":"https:\/\/www.vagasparana.com.br\/?p=43408"},"modified":"2025-09-13T13:28:20","modified_gmt":"2025-09-13T16:28:20","slug":"recepcionista-grupo-barigui-curitiba-pr","status":"publish","type":"post","link":"https:\/\/www.vagasparana.com.br\/index.php\/2025\/08\/07\/recepcionista-grupo-barigui-curitiba-pr\/","title":{"rendered":"Recepcionista &#8211; Grupo Barigui &#8211; Curitiba &#8211; PR"},"content":{"rendered":"<p style=\"text-align: justify;\">Descri\u00e7\u00e3o:<\/p>\n<ul style=\"text-align: justify;\">\n<li>O Grupo Barig\u00fci \u00e9 o maior revendedor de ve\u00edculos novos e seminovos do Sul do Brasil.<\/li>\n<li>Desde a sua funda\u00e7\u00e3o em 1993, o Grupo j\u00e1 comercializou 1 milh\u00e3o ve\u00edculos nos Estados do Paran\u00e1 e Santa Catarina.<\/li>\n<\/ul>\n<p style=\"text-align: justify;\">Atividdae e Responsabilidades ser\u00e3o:<\/p>\n<ul style=\"text-align: justify;\">\n<li>\u00a0Realizar atendimento, registro e controle de fluxo de clientes;<\/li>\n<li>\u00a0Prestar suporte nas atividades da \u00e1rea.<\/li>\n<\/ul>\n<p style=\"text-align: justify;\">Requisitos:<\/p>\n<ul style=\"text-align: justify;\">\n<li>\u00a0Ensino m\u00e9dio completo;<\/li>\n<li>\u00a0Experi\u00eancia anterior como recepcionista ou na \u00e1rea de atendimento ao p\u00fablico;<\/li>\n<li>\u00a0Disponibilidade para atua\u00e7\u00e3o aos S\u00e1bados.<\/li>\n<\/ul>\n<p style=\"text-align: justify;\">Jornada de Trabalho:<\/p>\n<ul style=\"text-align: justify;\">\n<li>Segunda a Sexta Feira das 08:00 \u00e0s 18:00 e S\u00e1bado das 09:00 as 17:00<\/li>\n<\/ul>\n<p style=\"text-align: justify;\">Sal\u00e1rio:<\/p>\n<ul style=\"text-align: justify;\">\n<li>R$ 2,102,45<\/li>\n<\/ul>\n<p style=\"text-align: justify;\">Benef\u00edcios:<\/p>\n<ul style=\"text-align: justify;\">\n<li>Vale transporte, Vale refeic\u0327a\u0303o, Plano de sau\u0301de, Plano odontolo\u0301gico, Seguro de Vida em Grupo, conve\u0302nio farma\u0301cia, conve\u0302nio com instituic\u0327o\u0303es de ensino, desconto para compra do vei\u0301culo pro\u0301prio nas concessiona\u0301rias do Grupo, desconto para seguro veicular pela corretora parceira, facilidade para empre\u0301stimo pessoal, Wellhub (Gympass)<\/li>\n<\/ul>\n<p style=\"text-align: justify;\">Enviar curr\u00edculo informando no assunto do e-mail a vaga de interesse para <a href=\"mailto:vagas@grupobarigui.com.br\">vagas@grupobarigui.com.br<\/a><\/p>\n","protected":false},"excerpt":{"rendered":"<p>Descri\u00e7\u00e3o: O Grupo Barig\u00fci \u00e9 o maior revendedor de ve\u00edculos novos e seminovos do Sul do Brasil. Desde a sua funda\u00e7\u00e3o em 1993, o Grupo [&#8230;]<\/p>\n","protected":false},"author":2,"featured_media":0,"comment_status":"closed","ping_status":"closed","sticky":false,"template":"","format":"standard","meta":{"footnotes":""},"categories":[16,47],"tags":[],"class_list":["post-43408","post","type-post","status-publish","format-standard","hentry","category-recepcionista-atendente-balconista","category-ensino-medio-completo"],"yoast_head":"<!-- This site is optimized with the Yoast SEO plugin v27.5 - https:\/\/yoast.com\/product\/yoast-seo-wordpress\/ -->\n<title>Recepcionista - Grupo Barigui - Curitiba - PR - Vagas Paran\u00e1<\/title>\n<meta name=\"robots\" content=\"index, follow, max-snippet:-1, max-image-preview:large, max-video-preview:-1\" \/>\n<link rel=\"canonical\" href=\"https:\/\/www.vagasparana.com.br\/index.php\/2025\/08\/07\/recepcionista-grupo-barigui-curitiba-pr\/\" \/>\n<meta property=\"og:locale\" content=\"pt_BR\" \/>\n<meta property=\"og:type\" content=\"article\" \/>\n<meta property=\"og:title\" content=\"Recepcionista - Grupo Barigui - Curitiba - PR - Vagas Paran\u00e1\" \/>\n<meta property=\"og:description\" content=\"Descri\u00e7\u00e3o: O Grupo Barig\u00fci \u00e9 o maior revendedor de ve\u00edculos novos e seminovos do Sul do Brasil. Desde a sua funda\u00e7\u00e3o em 1993, o Grupo [...]\" \/>\n<meta property=\"og:url\" content=\"https:\/\/www.vagasparana.com.br\/index.php\/2025\/08\/07\/recepcionista-grupo-barigui-curitiba-pr\/\" \/>\n<meta property=\"og:site_name\" content=\"Vagas Paran\u00e1\" \/>\n<meta property=\"article:published_time\" content=\"2025-08-07T16:00:43+00:00\" \/>\n<meta property=\"article:modified_time\" content=\"2025-09-13T16:28:20+00:00\" \/>\n<meta name=\"author\" content=\"Vagas Paran\u00e1\" \/>\n<meta name=\"twitter:card\" content=\"summary_large_image\" \/>\n<meta name=\"twitter:label1\" content=\"Escrito por\" \/>\n\t<meta name=\"twitter:data1\" content=\"Vagas Paran\u00e1\" \/>\n\t<meta name=\"twitter:label2\" content=\"Est. tempo de leitura\" \/>\n\t<meta name=\"twitter:data2\" content=\"1 minuto\" \/>\n<script type=\"application\/ld+json\" class=\"yoast-schema-graph\">{\"@context\":\"https:\\\/\\\/schema.org\",\"@graph\":[{\"@type\":\"Article\",\"@id\":\"https:\\\/\\\/www.vagasparana.com.br\\\/index.php\\\/2025\\\/08\\\/07\\\/recepcionista-grupo-barigui-curitiba-pr\\\/#article\",\"isPartOf\":{\"@id\":\"https:\\\/\\\/www.vagasparana.com.br\\\/index.php\\\/2025\\\/08\\\/07\\\/recepcionista-grupo-barigui-curitiba-pr\\\/\"},\"author\":{\"name\":\"Vagas Paran\u00e1\",\"@id\":\"https:\\\/\\\/www.vagasparana.com.br\\\/#\\\/schema\\\/person\\\/e9f1b5eee80e419283ff066c3d1bf3de\"},\"headline\":\"Recepcionista &#8211; Grupo Barigui &#8211; Curitiba &#8211; PR\",\"datePublished\":\"2025-08-07T16:00:43+00:00\",\"dateModified\":\"2025-09-13T16:28:20+00:00\",\"mainEntityOfPage\":{\"@id\":\"https:\\\/\\\/www.vagasparana.com.br\\\/index.php\\\/2025\\\/08\\\/07\\\/recepcionista-grupo-barigui-curitiba-pr\\\/\"},\"wordCount\":186,\"publisher\":{\"@id\":\"https:\\\/\\\/www.vagasparana.com.br\\\/#organization\"},\"articleSection\":[\"atendimento e recep\u00e7\u00e3o\",\"ensino m\u00e9dio\"],\"inLanguage\":\"pt-BR\"},{\"@type\":\"WebPage\",\"@id\":\"https:\\\/\\\/www.vagasparana.com.br\\\/index.php\\\/2025\\\/08\\\/07\\\/recepcionista-grupo-barigui-curitiba-pr\\\/\",\"url\":\"https:\\\/\\\/www.vagasparana.com.br\\\/index.php\\\/2025\\\/08\\\/07\\\/recepcionista-grupo-barigui-curitiba-pr\\\/\",\"name\":\"Recepcionista - Grupo Barigui - Curitiba - PR - Vagas Paran\u00e1\",\"isPartOf\":{\"@id\":\"https:\\\/\\\/www.vagasparana.com.br\\\/#website\"},\"datePublished\":\"2025-08-07T16:00:43+00:00\",\"dateModified\":\"2025-09-13T16:28:20+00:00\",\"breadcrumb\":{\"@id\":\"https:\\\/\\\/www.vagasparana.com.br\\\/index.php\\\/2025\\\/08\\\/07\\\/recepcionista-grupo-barigui-curitiba-pr\\\/#breadcrumb\"},\"inLanguage\":\"pt-BR\",\"potentialAction\":[{\"@type\":\"ReadAction\",\"target\":[\"https:\\\/\\\/www.vagasparana.com.br\\\/index.php\\\/2025\\\/08\\\/07\\\/recepcionista-grupo-barigui-curitiba-pr\\\/\"]}]},{\"@type\":\"BreadcrumbList\",\"@id\":\"https:\\\/\\\/www.vagasparana.com.br\\\/index.php\\\/2025\\\/08\\\/07\\\/recepcionista-grupo-barigui-curitiba-pr\\\/#breadcrumb\",\"itemListElement\":[{\"@type\":\"ListItem\",\"position\":1,\"name\":\"Home\",\"item\":\"https:\\\/\\\/www.vagasparana.com.br\\\/\"},{\"@type\":\"ListItem\",\"position\":2,\"name\":\"Recepcionista &#8211; Grupo Barigui &#8211; Curitiba &#8211; PR\"}]},{\"@type\":\"WebSite\",\"@id\":\"https:\\\/\\\/www.vagasparana.com.br\\\/#website\",\"url\":\"https:\\\/\\\/www.vagasparana.com.br\\\/\",\"name\":\"Vagas Paran\u00e1\",\"description\":\"Vagas de Emprego e Est\u00e1gio no Paran\u00e1\",\"publisher\":{\"@id\":\"https:\\\/\\\/www.vagasparana.com.br\\\/#organization\"},\"potentialAction\":[{\"@type\":\"SearchAction\",\"target\":{\"@type\":\"EntryPoint\",\"urlTemplate\":\"https:\\\/\\\/www.vagasparana.com.br\\\/?s={search_term_string}\"},\"query-input\":{\"@type\":\"PropertyValueSpecification\",\"valueRequired\":true,\"valueName\":\"search_term_string\"}}],\"inLanguage\":\"pt-BR\"},{\"@type\":\"Organization\",\"@id\":\"https:\\\/\\\/www.vagasparana.com.br\\\/#organization\",\"name\":\"Vagas Paran\u00e1\",\"url\":\"https:\\\/\\\/www.vagasparana.com.br\\\/\",\"logo\":{\"@type\":\"ImageObject\",\"inLanguage\":\"pt-BR\",\"@id\":\"https:\\\/\\\/www.vagasparana.com.br\\\/#\\\/schema\\\/logo\\\/image\\\/\",\"url\":\"https:\\\/\\\/www.vagasparana.com.br\\\/wp-content\\\/uploads\\\/2025\\\/06\\\/cropped-vpr_logo2021.jpg\",\"contentUrl\":\"https:\\\/\\\/www.vagasparana.com.br\\\/wp-content\\\/uploads\\\/2025\\\/06\\\/cropped-vpr_logo2021.jpg\",\"width\":270,\"height\":100,\"caption\":\"Vagas Paran\u00e1\"},\"image\":{\"@id\":\"https:\\\/\\\/www.vagasparana.com.br\\\/#\\\/schema\\\/logo\\\/image\\\/\"}},{\"@type\":\"Person\",\"@id\":\"https:\\\/\\\/www.vagasparana.com.br\\\/#\\\/schema\\\/person\\\/e9f1b5eee80e419283ff066c3d1bf3de\",\"name\":\"Vagas Paran\u00e1\",\"image\":{\"@type\":\"ImageObject\",\"inLanguage\":\"pt-BR\",\"@id\":\"https:\\\/\\\/secure.gravatar.com\\\/avatar\\\/e198f9393383244894b06db503be8cb43011f384a429c7a9f84f3f61c138a35e?s=96&r=g\",\"url\":\"https:\\\/\\\/secure.gravatar.com\\\/avatar\\\/e198f9393383244894b06db503be8cb43011f384a429c7a9f84f3f61c138a35e?s=96&r=g\",\"contentUrl\":\"https:\\\/\\\/secure.gravatar.com\\\/avatar\\\/e198f9393383244894b06db503be8cb43011f384a429c7a9f84f3f61c138a35e?s=96&r=g\",\"caption\":\"Vagas Paran\u00e1\"},\"url\":\"https:\\\/\\\/www.vagasparana.com.br\\\/index.php\\\/author\\\/vagasemprego\\\/\"}]}<\/script>\n<!-- \/ Yoast SEO plugin. -->","yoast_head_json":{"title":"Recepcionista - Grupo Barigui - Curitiba - PR - Vagas Paran\u00e1","robots":{"index":"index","follow":"follow","max-snippet":"max-snippet:-1","max-image-preview":"max-image-preview:large","max-video-preview":"max-video-preview:-1"},"canonical":"https:\/\/www.vagasparana.com.br\/index.php\/2025\/08\/07\/recepcionista-grupo-barigui-curitiba-pr\/","og_locale":"pt_BR","og_type":"article","og_title":"Recepcionista - Grupo Barigui - Curitiba - PR - Vagas Paran\u00e1","og_description":"Descri\u00e7\u00e3o: O Grupo Barig\u00fci \u00e9 o maior revendedor de ve\u00edculos novos e seminovos do Sul do Brasil. Desde a sua funda\u00e7\u00e3o em 1993, o Grupo [...]","og_url":"https:\/\/www.vagasparana.com.br\/index.php\/2025\/08\/07\/recepcionista-grupo-barigui-curitiba-pr\/","og_site_name":"Vagas Paran\u00e1","article_published_time":"2025-08-07T16:00:43+00:00","article_modified_time":"2025-09-13T16:28:20+00:00","author":"Vagas Paran\u00e1","twitter_card":"summary_large_image","twitter_misc":{"Escrito por":"Vagas Paran\u00e1","Est. tempo de leitura":"1 minuto"},"schema":{"@context":"https:\/\/schema.org","@graph":[{"@type":"Article","@id":"https:\/\/www.vagasparana.com.br\/index.php\/2025\/08\/07\/recepcionista-grupo-barigui-curitiba-pr\/#article","isPartOf":{"@id":"https:\/\/www.vagasparana.com.br\/index.php\/2025\/08\/07\/recepcionista-grupo-barigui-curitiba-pr\/"},"author":{"name":"Vagas Paran\u00e1","@id":"https:\/\/www.vagasparana.com.br\/#\/schema\/person\/e9f1b5eee80e419283ff066c3d1bf3de"},"headline":"Recepcionista &#8211; Grupo Barigui &#8211; Curitiba &#8211; PR","datePublished":"2025-08-07T16:00:43+00:00","dateModified":"2025-09-13T16:28:20+00:00","mainEntityOfPage":{"@id":"https:\/\/www.vagasparana.com.br\/index.php\/2025\/08\/07\/recepcionista-grupo-barigui-curitiba-pr\/"},"wordCount":186,"publisher":{"@id":"https:\/\/www.vagasparana.com.br\/#organization"},"articleSection":["atendimento e recep\u00e7\u00e3o","ensino m\u00e9dio"],"inLanguage":"pt-BR"},{"@type":"WebPage","@id":"https:\/\/www.vagasparana.com.br\/index.php\/2025\/08\/07\/recepcionista-grupo-barigui-curitiba-pr\/","url":"https:\/\/www.vagasparana.com.br\/index.php\/2025\/08\/07\/recepcionista-grupo-barigui-curitiba-pr\/","name":"Recepcionista - Grupo Barigui - Curitiba - PR - Vagas Paran\u00e1","isPartOf":{"@id":"https:\/\/www.vagasparana.com.br\/#website"},"datePublished":"2025-08-07T16:00:43+00:00","dateModified":"2025-09-13T16:28:20+00:00","breadcrumb":{"@id":"https:\/\/www.vagasparana.com.br\/index.php\/2025\/08\/07\/recepcionista-grupo-barigui-curitiba-pr\/#breadcrumb"},"inLanguage":"pt-BR","potentialAction":[{"@type":"ReadAction","target":["https:\/\/www.vagasparana.com.br\/index.php\/2025\/08\/07\/recepcionista-grupo-barigui-curitiba-pr\/"]}]},{"@type":"BreadcrumbList","@id":"https:\/\/www.vagasparana.com.br\/index.php\/2025\/08\/07\/recepcionista-grupo-barigui-curitiba-pr\/#breadcrumb","itemListElement":[{"@type":"ListItem","position":1,"name":"Home","item":"https:\/\/www.vagasparana.com.br\/"},{"@type":"ListItem","position":2,"name":"Recepcionista &#8211; Grupo Barigui &#8211; Curitiba &#8211; PR"}]},{"@type":"WebSite","@id":"https:\/\/www.vagasparana.com.br\/#website","url":"https:\/\/www.vagasparana.com.br\/","name":"Vagas Paran\u00e1","description":"Vagas de Emprego e Est\u00e1gio no Paran\u00e1","publisher":{"@id":"https:\/\/www.vagasparana.com.br\/#organization"},"potentialAction":[{"@type":"SearchAction","target":{"@type":"EntryPoint","urlTemplate":"https:\/\/www.vagasparana.com.br\/?s={search_term_string}"},"query-input":{"@type":"PropertyValueSpecification","valueRequired":true,"valueName":"search_term_string"}}],"inLanguage":"pt-BR"},{"@type":"Organization","@id":"https:\/\/www.vagasparana.com.br\/#organization","name":"Vagas Paran\u00e1","url":"https:\/\/www.vagasparana.com.br\/","logo":{"@type":"ImageObject","inLanguage":"pt-BR","@id":"https:\/\/www.vagasparana.com.br\/#\/schema\/logo\/image\/","url":"https:\/\/www.vagasparana.com.br\/wp-content\/uploads\/2025\/06\/cropped-vpr_logo2021.jpg","contentUrl":"https:\/\/www.vagasparana.com.br\/wp-content\/uploads\/2025\/06\/cropped-vpr_logo2021.jpg","width":270,"height":100,"caption":"Vagas Paran\u00e1"},"image":{"@id":"https:\/\/www.vagasparana.com.br\/#\/schema\/logo\/image\/"}},{"@type":"Person","@id":"https:\/\/www.vagasparana.com.br\/#\/schema\/person\/e9f1b5eee80e419283ff066c3d1bf3de","name":"Vagas Paran\u00e1","image":{"@type":"ImageObject","inLanguage":"pt-BR","@id":"https:\/\/secure.gravatar.com\/avatar\/e198f9393383244894b06db503be8cb43011f384a429c7a9f84f3f61c138a35e?s=96&r=g","url":"https:\/\/secure.gravatar.com\/avatar\/e198f9393383244894b06db503be8cb43011f384a429c7a9f84f3f61c138a35e?s=96&r=g","contentUrl":"https:\/\/secure.gravatar.com\/avatar\/e198f9393383244894b06db503be8cb43011f384a429c7a9f84f3f61c138a35e?s=96&r=g","caption":"Vagas Paran\u00e1"},"url":"https:\/\/www.vagasparana.com.br\/index.php\/author\/vagasemprego\/"}]}},"_links":{"self":[{"href":"https:\/\/www.vagasparana.com.br\/index.php\/wp-json\/wp\/v2\/posts\/43408","targetHints":{"allow":["GET"]}}],"collection":[{"href":"https:\/\/www.vagasparana.com.br\/index.php\/wp-json\/wp\/v2\/posts"}],"about":[{"href":"https:\/\/www.vagasparana.com.br\/index.php\/wp-json\/wp\/v2\/types\/post"}],"author":[{"embeddable":true,"href":"https:\/\/www.vagasparana.com.br\/index.php\/wp-json\/wp\/v2\/users\/2"}],"replies":[{"embeddable":true,"href":"https:\/\/www.vagasparana.com.br\/index.php\/wp-json\/wp\/v2\/comments?post=43408"}],"version-history":[{"count":1,"href":"https:\/\/www.vagasparana.com.br\/index.php\/wp-json\/wp\/v2\/posts\/43408\/revisions"}],"predecessor-version":[{"id":43409,"href":"https:\/\/www.vagasparana.com.br\/index.php\/wp-json\/wp\/v2\/posts\/43408\/revisions\/43409"}],"wp:attachment":[{"href":"https:\/\/www.vagasparana.com.br\/index.php\/wp-json\/wp\/v2\/media?parent=43408"}],"wp:term":[{"taxonomy":"category","embeddable":true,"href":"https:\/\/www.vagasparana.com.br\/index.php\/wp-json\/wp\/v2\/categories?post=43408"},{"taxonomy":"post_tag","embeddable":true,"href":"https:\/\/www.vagasparana.com.br\/index.php\/wp-json\/wp\/v2\/tags?post=43408"}],"curies":[{"name":"wp","href":"https:\/\/api.w.org\/{rel}","templated":true}]}}