{"id":43792,"date":"2025-09-10T15:00:50","date_gmt":"2025-09-10T18:00:50","guid":{"rendered":"https:\/\/www.vagasparana.com.br\/?p=43792"},"modified":"2025-09-13T12:56:27","modified_gmt":"2025-09-13T15:56:27","slug":"consultor-de-negocios-curitiba-pr","status":"publish","type":"post","link":"https:\/\/www.vagasparana.com.br\/index.php\/2025\/09\/10\/consultor-de-negocios-curitiba-pr\/","title":{"rendered":"Consultor de Neg\u00f3cios &#8211; Curitiba &#8211; PR"},"content":{"rendered":"<p style=\"text-align: justify;\">Atividades:<\/p>\n<ul style=\"text-align: justify;\">\n<li>\u00a0Atuar de forma estrat\u00e9gica na prospec\u00e7\u00e3o e qualifica\u00e7\u00e3o de novos clientes;<\/li>\n<li>\u00a0Registrar no Funil de Vendas os leads e atualiz\u00e1-los de acordo com a fase em que se encontra;<\/li>\n<li>\u00a0Realizar a quantidade de visitas por dia (prospec\u00e7\u00e3o e reuni\u00e3o de apresenta\u00e7\u00e3o da proposta comercial);<\/li>\n<li>\u00a0Preparar reuni\u00f5es de negocia\u00e7\u00f5es, utilizando materiais oficiais da matriz;<\/li>\n<li>\u00a0Apresentar os servi\u00e7os aos clientes, conforme metodologia de vendas, destacando benef\u00edcios e caracter\u00edsticas do produto;<\/li>\n<li>\u00a0Participar de eventos do setor, feiras comerciais e confer\u00eancias, visando aumentar a visibilidade da marca e gerar oportunidades de neg\u00f3cios;<\/li>\n<li>\u00a0Entregar a meta de vendas, atrav\u00e9s de processos di\u00e1rios;<\/li>\n<li>\u00a0Solicitar indica\u00e7\u00f5es\/recomenda\u00e7\u00f5es em cada reuni\u00e3o de vendas;<\/li>\n<li>Disponibilidade para viagem e carro pr\u00f3prio (CNH B).<\/li>\n<\/ul>\n<p style=\"text-align: justify;\">Requisitos:<\/p>\n<ul style=\"text-align: justify;\">\n<li>Ensino m\u00e9dio completo;<\/li>\n<li>Experiencia na \u00e1rea comercial\/vendas;<\/li>\n<li>Boa comunica\u00e7\u00e3o verbal e escrita ;<\/li>\n<li>\u00a0Disponibilidade para viagem e carro pr\u00f3prio (CNH B);<\/li>\n<li>Perfil anal\u00edtico;<\/li>\n<li>Proatividade e foco em resultados.<\/li>\n<\/ul>\n<p style=\"text-align: justify;\">Jornada de Trabalho:<\/p>\n<ul style=\"text-align: justify;\">\n<li>\u00a0Hor\u00e1rio Comercial de Segunda a Sexta Feira das 08:30 \u00e1s 17:30<\/li>\n<\/ul>\n<p style=\"text-align: justify;\">Sal\u00e1rio:<\/p>\n<ul style=\"text-align: justify;\">\n<li>R$2.868,00 + Comiss\u00e3o.<\/li>\n<\/ul>\n<p style=\"text-align: justify;\">Benef\u00edcios:<\/p>\n<ul style=\"text-align: justify;\">\n<li>Vale combust\u00edvel (valor depositado no cart\u00e3o Swile sem desconto);<\/li>\n<li>Assist\u00eancia m\u00e9dica e odontol\u00f3gica Grupo Notre Dame,<\/li>\n<li>\u00a0Seguro de vida;<\/li>\n<li>Cart\u00e3o VR Flex\u00edvel (VR\/VA interligado) no valor de R$ 26,00 ao dia;<\/li>\n<li>Happy day off (dia de descanso no seu anivers\u00e1rio para aproveitar);<\/li>\n<li>Parceria com SESC , SENAC , Escola de Idiomas e Faculdade e Totalpass;<\/li>\n<\/ul>\n<p style=\"text-align: justify;\">Observa\u00e7\u00f5es:<\/p>\n<ul style=\"text-align: justify;\">\n<li>Somos pioneiros no mercado de cr\u00e9dito no Brasil, por mais de 40 anos dedicados a conectar clientes com solu\u00e7\u00f5es financeiras ideais. Aprenda mais sobre n\u00f3s em nosso site: www.multicredito.com.br<\/li>\n<\/ul>\n<p style=\"text-align: justify;\">Data m\u00e1xima para envio de curr\u00edculos: 15-09-2025<\/p>\n<p style=\"text-align: justify;\">Enviar curr\u00edculo informando no assunto do e-mail a vaga de interesse para <a href=\"mailto:rh@multicredito.net.br\">rh@multicredito.net.br<\/a><\/p>\n","protected":false},"excerpt":{"rendered":"<p>Atividades: \u00a0Atuar de forma estrat\u00e9gica na prospec\u00e7\u00e3o e qualifica\u00e7\u00e3o de novos clientes; \u00a0Registrar no Funil de Vendas os leads e atualiz\u00e1-los de acordo com a [&#8230;]<\/p>\n","protected":false},"author":2,"featured_media":0,"comment_status":"closed","ping_status":"closed","sticky":false,"template":"","format":"standard","meta":{"footnotes":""},"categories":[23,47],"tags":[],"class_list":["post-43792","post","type-post","status-publish","format-standard","hentry","category-vendedor-comercial-vendas","category-ensino-medio-completo"],"yoast_head":"<!-- This site is optimized with the Yoast SEO plugin v27.5 - https:\/\/yoast.com\/product\/yoast-seo-wordpress\/ -->\n<title>Consultor de Neg\u00f3cios - Curitiba - PR - Vagas Paran\u00e1<\/title>\n<meta name=\"robots\" content=\"index, follow, max-snippet:-1, max-image-preview:large, max-video-preview:-1\" \/>\n<link rel=\"canonical\" href=\"https:\/\/www.vagasparana.com.br\/index.php\/2025\/09\/10\/consultor-de-negocios-curitiba-pr\/\" \/>\n<meta property=\"og:locale\" content=\"pt_BR\" \/>\n<meta property=\"og:type\" content=\"article\" \/>\n<meta property=\"og:title\" content=\"Consultor de Neg\u00f3cios - Curitiba - PR - Vagas Paran\u00e1\" \/>\n<meta property=\"og:description\" content=\"Atividades: \u00a0Atuar de forma estrat\u00e9gica na prospec\u00e7\u00e3o e qualifica\u00e7\u00e3o de novos clientes; \u00a0Registrar no Funil de Vendas os leads e atualiz\u00e1-los de acordo com a [...]\" \/>\n<meta property=\"og:url\" content=\"https:\/\/www.vagasparana.com.br\/index.php\/2025\/09\/10\/consultor-de-negocios-curitiba-pr\/\" \/>\n<meta property=\"og:site_name\" content=\"Vagas Paran\u00e1\" \/>\n<meta property=\"article:published_time\" content=\"2025-09-10T18:00:50+00:00\" \/>\n<meta property=\"article:modified_time\" content=\"2025-09-13T15:56:27+00:00\" \/>\n<meta name=\"author\" content=\"Vagas Paran\u00e1\" \/>\n<meta name=\"twitter:card\" content=\"summary_large_image\" \/>\n<meta name=\"twitter:label1\" content=\"Escrito por\" \/>\n\t<meta name=\"twitter:data1\" content=\"Vagas Paran\u00e1\" \/>\n\t<meta name=\"twitter:label2\" content=\"Est. tempo de leitura\" \/>\n\t<meta name=\"twitter:data2\" content=\"2 minutos\" \/>\n<script type=\"application\/ld+json\" class=\"yoast-schema-graph\">{\"@context\":\"https:\\\/\\\/schema.org\",\"@graph\":[{\"@type\":\"Article\",\"@id\":\"https:\\\/\\\/www.vagasparana.com.br\\\/index.php\\\/2025\\\/09\\\/10\\\/consultor-de-negocios-curitiba-pr\\\/#article\",\"isPartOf\":{\"@id\":\"https:\\\/\\\/www.vagasparana.com.br\\\/index.php\\\/2025\\\/09\\\/10\\\/consultor-de-negocios-curitiba-pr\\\/\"},\"author\":{\"name\":\"Vagas Paran\u00e1\",\"@id\":\"https:\\\/\\\/www.vagasparana.com.br\\\/#\\\/schema\\\/person\\\/e9f1b5eee80e419283ff066c3d1bf3de\"},\"headline\":\"Consultor de Neg\u00f3cios &#8211; Curitiba &#8211; PR\",\"datePublished\":\"2025-09-10T18:00:50+00:00\",\"dateModified\":\"2025-09-13T15:56:27+00:00\",\"mainEntityOfPage\":{\"@id\":\"https:\\\/\\\/www.vagasparana.com.br\\\/index.php\\\/2025\\\/09\\\/10\\\/consultor-de-negocios-curitiba-pr\\\/\"},\"wordCount\":319,\"publisher\":{\"@id\":\"https:\\\/\\\/www.vagasparana.com.br\\\/#organization\"},\"articleSection\":[\"comercial \\\/ vendas\",\"ensino m\u00e9dio\"],\"inLanguage\":\"pt-BR\"},{\"@type\":\"WebPage\",\"@id\":\"https:\\\/\\\/www.vagasparana.com.br\\\/index.php\\\/2025\\\/09\\\/10\\\/consultor-de-negocios-curitiba-pr\\\/\",\"url\":\"https:\\\/\\\/www.vagasparana.com.br\\\/index.php\\\/2025\\\/09\\\/10\\\/consultor-de-negocios-curitiba-pr\\\/\",\"name\":\"Consultor de Neg\u00f3cios - Curitiba - PR - Vagas Paran\u00e1\",\"isPartOf\":{\"@id\":\"https:\\\/\\\/www.vagasparana.com.br\\\/#website\"},\"datePublished\":\"2025-09-10T18:00:50+00:00\",\"dateModified\":\"2025-09-13T15:56:27+00:00\",\"breadcrumb\":{\"@id\":\"https:\\\/\\\/www.vagasparana.com.br\\\/index.php\\\/2025\\\/09\\\/10\\\/consultor-de-negocios-curitiba-pr\\\/#breadcrumb\"},\"inLanguage\":\"pt-BR\",\"potentialAction\":[{\"@type\":\"ReadAction\",\"target\":[\"https:\\\/\\\/www.vagasparana.com.br\\\/index.php\\\/2025\\\/09\\\/10\\\/consultor-de-negocios-curitiba-pr\\\/\"]}]},{\"@type\":\"BreadcrumbList\",\"@id\":\"https:\\\/\\\/www.vagasparana.com.br\\\/index.php\\\/2025\\\/09\\\/10\\\/consultor-de-negocios-curitiba-pr\\\/#breadcrumb\",\"itemListElement\":[{\"@type\":\"ListItem\",\"position\":1,\"name\":\"Home\",\"item\":\"https:\\\/\\\/www.vagasparana.com.br\\\/\"},{\"@type\":\"ListItem\",\"position\":2,\"name\":\"Consultor de Neg\u00f3cios &#8211; Curitiba &#8211; PR\"}]},{\"@type\":\"WebSite\",\"@id\":\"https:\\\/\\\/www.vagasparana.com.br\\\/#website\",\"url\":\"https:\\\/\\\/www.vagasparana.com.br\\\/\",\"name\":\"Vagas Paran\u00e1\",\"description\":\"Vagas de Emprego e Est\u00e1gio no Paran\u00e1\",\"publisher\":{\"@id\":\"https:\\\/\\\/www.vagasparana.com.br\\\/#organization\"},\"potentialAction\":[{\"@type\":\"SearchAction\",\"target\":{\"@type\":\"EntryPoint\",\"urlTemplate\":\"https:\\\/\\\/www.vagasparana.com.br\\\/?s={search_term_string}\"},\"query-input\":{\"@type\":\"PropertyValueSpecification\",\"valueRequired\":true,\"valueName\":\"search_term_string\"}}],\"inLanguage\":\"pt-BR\"},{\"@type\":\"Organization\",\"@id\":\"https:\\\/\\\/www.vagasparana.com.br\\\/#organization\",\"name\":\"Vagas Paran\u00e1\",\"url\":\"https:\\\/\\\/www.vagasparana.com.br\\\/\",\"logo\":{\"@type\":\"ImageObject\",\"inLanguage\":\"pt-BR\",\"@id\":\"https:\\\/\\\/www.vagasparana.com.br\\\/#\\\/schema\\\/logo\\\/image\\\/\",\"url\":\"https:\\\/\\\/www.vagasparana.com.br\\\/wp-content\\\/uploads\\\/2025\\\/06\\\/cropped-vpr_logo2021.jpg\",\"contentUrl\":\"https:\\\/\\\/www.vagasparana.com.br\\\/wp-content\\\/uploads\\\/2025\\\/06\\\/cropped-vpr_logo2021.jpg\",\"width\":270,\"height\":100,\"caption\":\"Vagas Paran\u00e1\"},\"image\":{\"@id\":\"https:\\\/\\\/www.vagasparana.com.br\\\/#\\\/schema\\\/logo\\\/image\\\/\"}},{\"@type\":\"Person\",\"@id\":\"https:\\\/\\\/www.vagasparana.com.br\\\/#\\\/schema\\\/person\\\/e9f1b5eee80e419283ff066c3d1bf3de\",\"name\":\"Vagas Paran\u00e1\",\"image\":{\"@type\":\"ImageObject\",\"inLanguage\":\"pt-BR\",\"@id\":\"https:\\\/\\\/secure.gravatar.com\\\/avatar\\\/e198f9393383244894b06db503be8cb43011f384a429c7a9f84f3f61c138a35e?s=96&r=g\",\"url\":\"https:\\\/\\\/secure.gravatar.com\\\/avatar\\\/e198f9393383244894b06db503be8cb43011f384a429c7a9f84f3f61c138a35e?s=96&r=g\",\"contentUrl\":\"https:\\\/\\\/secure.gravatar.com\\\/avatar\\\/e198f9393383244894b06db503be8cb43011f384a429c7a9f84f3f61c138a35e?s=96&r=g\",\"caption\":\"Vagas Paran\u00e1\"},\"url\":\"https:\\\/\\\/www.vagasparana.com.br\\\/index.php\\\/author\\\/vagasemprego\\\/\"}]}<\/script>\n<!-- \/ Yoast SEO plugin. -->","yoast_head_json":{"title":"Consultor de Neg\u00f3cios - Curitiba - PR - Vagas Paran\u00e1","robots":{"index":"index","follow":"follow","max-snippet":"max-snippet:-1","max-image-preview":"max-image-preview:large","max-video-preview":"max-video-preview:-1"},"canonical":"https:\/\/www.vagasparana.com.br\/index.php\/2025\/09\/10\/consultor-de-negocios-curitiba-pr\/","og_locale":"pt_BR","og_type":"article","og_title":"Consultor de Neg\u00f3cios - Curitiba - PR - Vagas Paran\u00e1","og_description":"Atividades: \u00a0Atuar de forma estrat\u00e9gica na prospec\u00e7\u00e3o e qualifica\u00e7\u00e3o de novos clientes; \u00a0Registrar no Funil de Vendas os leads e atualiz\u00e1-los de acordo com a [...]","og_url":"https:\/\/www.vagasparana.com.br\/index.php\/2025\/09\/10\/consultor-de-negocios-curitiba-pr\/","og_site_name":"Vagas Paran\u00e1","article_published_time":"2025-09-10T18:00:50+00:00","article_modified_time":"2025-09-13T15:56:27+00:00","author":"Vagas Paran\u00e1","twitter_card":"summary_large_image","twitter_misc":{"Escrito por":"Vagas Paran\u00e1","Est. tempo de leitura":"2 minutos"},"schema":{"@context":"https:\/\/schema.org","@graph":[{"@type":"Article","@id":"https:\/\/www.vagasparana.com.br\/index.php\/2025\/09\/10\/consultor-de-negocios-curitiba-pr\/#article","isPartOf":{"@id":"https:\/\/www.vagasparana.com.br\/index.php\/2025\/09\/10\/consultor-de-negocios-curitiba-pr\/"},"author":{"name":"Vagas Paran\u00e1","@id":"https:\/\/www.vagasparana.com.br\/#\/schema\/person\/e9f1b5eee80e419283ff066c3d1bf3de"},"headline":"Consultor de Neg\u00f3cios &#8211; Curitiba &#8211; PR","datePublished":"2025-09-10T18:00:50+00:00","dateModified":"2025-09-13T15:56:27+00:00","mainEntityOfPage":{"@id":"https:\/\/www.vagasparana.com.br\/index.php\/2025\/09\/10\/consultor-de-negocios-curitiba-pr\/"},"wordCount":319,"publisher":{"@id":"https:\/\/www.vagasparana.com.br\/#organization"},"articleSection":["comercial \/ vendas","ensino m\u00e9dio"],"inLanguage":"pt-BR"},{"@type":"WebPage","@id":"https:\/\/www.vagasparana.com.br\/index.php\/2025\/09\/10\/consultor-de-negocios-curitiba-pr\/","url":"https:\/\/www.vagasparana.com.br\/index.php\/2025\/09\/10\/consultor-de-negocios-curitiba-pr\/","name":"Consultor de Neg\u00f3cios - Curitiba - PR - Vagas Paran\u00e1","isPartOf":{"@id":"https:\/\/www.vagasparana.com.br\/#website"},"datePublished":"2025-09-10T18:00:50+00:00","dateModified":"2025-09-13T15:56:27+00:00","breadcrumb":{"@id":"https:\/\/www.vagasparana.com.br\/index.php\/2025\/09\/10\/consultor-de-negocios-curitiba-pr\/#breadcrumb"},"inLanguage":"pt-BR","potentialAction":[{"@type":"ReadAction","target":["https:\/\/www.vagasparana.com.br\/index.php\/2025\/09\/10\/consultor-de-negocios-curitiba-pr\/"]}]},{"@type":"BreadcrumbList","@id":"https:\/\/www.vagasparana.com.br\/index.php\/2025\/09\/10\/consultor-de-negocios-curitiba-pr\/#breadcrumb","itemListElement":[{"@type":"ListItem","position":1,"name":"Home","item":"https:\/\/www.vagasparana.com.br\/"},{"@type":"ListItem","position":2,"name":"Consultor de Neg\u00f3cios &#8211; Curitiba &#8211; PR"}]},{"@type":"WebSite","@id":"https:\/\/www.vagasparana.com.br\/#website","url":"https:\/\/www.vagasparana.com.br\/","name":"Vagas Paran\u00e1","description":"Vagas de Emprego e Est\u00e1gio no Paran\u00e1","publisher":{"@id":"https:\/\/www.vagasparana.com.br\/#organization"},"potentialAction":[{"@type":"SearchAction","target":{"@type":"EntryPoint","urlTemplate":"https:\/\/www.vagasparana.com.br\/?s={search_term_string}"},"query-input":{"@type":"PropertyValueSpecification","valueRequired":true,"valueName":"search_term_string"}}],"inLanguage":"pt-BR"},{"@type":"Organization","@id":"https:\/\/www.vagasparana.com.br\/#organization","name":"Vagas Paran\u00e1","url":"https:\/\/www.vagasparana.com.br\/","logo":{"@type":"ImageObject","inLanguage":"pt-BR","@id":"https:\/\/www.vagasparana.com.br\/#\/schema\/logo\/image\/","url":"https:\/\/www.vagasparana.com.br\/wp-content\/uploads\/2025\/06\/cropped-vpr_logo2021.jpg","contentUrl":"https:\/\/www.vagasparana.com.br\/wp-content\/uploads\/2025\/06\/cropped-vpr_logo2021.jpg","width":270,"height":100,"caption":"Vagas Paran\u00e1"},"image":{"@id":"https:\/\/www.vagasparana.com.br\/#\/schema\/logo\/image\/"}},{"@type":"Person","@id":"https:\/\/www.vagasparana.com.br\/#\/schema\/person\/e9f1b5eee80e419283ff066c3d1bf3de","name":"Vagas Paran\u00e1","image":{"@type":"ImageObject","inLanguage":"pt-BR","@id":"https:\/\/secure.gravatar.com\/avatar\/e198f9393383244894b06db503be8cb43011f384a429c7a9f84f3f61c138a35e?s=96&r=g","url":"https:\/\/secure.gravatar.com\/avatar\/e198f9393383244894b06db503be8cb43011f384a429c7a9f84f3f61c138a35e?s=96&r=g","contentUrl":"https:\/\/secure.gravatar.com\/avatar\/e198f9393383244894b06db503be8cb43011f384a429c7a9f84f3f61c138a35e?s=96&r=g","caption":"Vagas Paran\u00e1"},"url":"https:\/\/www.vagasparana.com.br\/index.php\/author\/vagasemprego\/"}]}},"_links":{"self":[{"href":"https:\/\/www.vagasparana.com.br\/index.php\/wp-json\/wp\/v2\/posts\/43792","targetHints":{"allow":["GET"]}}],"collection":[{"href":"https:\/\/www.vagasparana.com.br\/index.php\/wp-json\/wp\/v2\/posts"}],"about":[{"href":"https:\/\/www.vagasparana.com.br\/index.php\/wp-json\/wp\/v2\/types\/post"}],"author":[{"embeddable":true,"href":"https:\/\/www.vagasparana.com.br\/index.php\/wp-json\/wp\/v2\/users\/2"}],"replies":[{"embeddable":true,"href":"https:\/\/www.vagasparana.com.br\/index.php\/wp-json\/wp\/v2\/comments?post=43792"}],"version-history":[{"count":1,"href":"https:\/\/www.vagasparana.com.br\/index.php\/wp-json\/wp\/v2\/posts\/43792\/revisions"}],"predecessor-version":[{"id":43793,"href":"https:\/\/www.vagasparana.com.br\/index.php\/wp-json\/wp\/v2\/posts\/43792\/revisions\/43793"}],"wp:attachment":[{"href":"https:\/\/www.vagasparana.com.br\/index.php\/wp-json\/wp\/v2\/media?parent=43792"}],"wp:term":[{"taxonomy":"category","embeddable":true,"href":"https:\/\/www.vagasparana.com.br\/index.php\/wp-json\/wp\/v2\/categories?post=43792"},{"taxonomy":"post_tag","embeddable":true,"href":"https:\/\/www.vagasparana.com.br\/index.php\/wp-json\/wp\/v2\/tags?post=43792"}],"curies":[{"name":"wp","href":"https:\/\/api.w.org\/{rel}","templated":true}]}}