{"id":45480,"date":"2025-10-27T17:00:06","date_gmt":"2025-10-27T20:00:06","guid":{"rendered":"https:\/\/www.vagasparana.com.br\/?p=45480"},"modified":"2025-10-25T21:19:15","modified_gmt":"2025-10-26T00:19:15","slug":"coordenadora-de-recursos-humanos-maringa-pr","status":"publish","type":"post","link":"https:\/\/www.vagasparana.com.br\/index.php\/2025\/10\/27\/coordenadora-de-recursos-humanos-maringa-pr\/","title":{"rendered":"Coordenador(a) de Recursos Humanos &#8211; Maring\u00e1 &#8211; PR"},"content":{"rendered":"<p style=\"text-align: justify;\">Requisitos:<\/p>\n<ul style=\"text-align: justify;\">\n<li>Ensino Superior Completo em Administra\u00e7\u00e3o, Pedagogia, Psicologia, Engenharias ou \u00e1reas afins.<\/li>\n<li>P\u00f3s-Gradua\u00e7\u00e3o: Especializa\u00e7\u00e3o em Gest\u00e3o Empresarial, Gest\u00e3o de Pessoas ou afins.<\/li>\n<li>Necess\u00e1rio ter s\u00f3lida experi\u00eancia pr\u00e9via na coordena\u00e7\u00e3o de todos os subsistemas de RH.<\/li>\n<li>CNH Categoria B.<\/li>\n<\/ul>\n<p style=\"text-align: justify;\">Diferenciais:<\/p>\n<ul style=\"text-align: justify;\">\n<li>Lideran\u00e7a humanizada e orientada a resultados.<\/li>\n<li>Intelig\u00eancia emocional e comprovada capacidade de media\u00e7\u00e3o de conflitos.<\/li>\n<li>Vis\u00e3o sist\u00eamica e estrat\u00e9gica de neg\u00f3cio.<\/li>\n<li>Excelente comunica\u00e7\u00e3o (clara, emp\u00e1tica e assertiva).<\/li>\n<li>Organiza\u00e7\u00e3o, proatividade e foco em execu\u00e7\u00e3o, \u00e9tica e sigilo.<\/li>\n<\/ul>\n<p style=\"text-align: justify;\">Atividades e Responsabilidades:<br \/>\nVoc\u00ea ir\u00e1 atuar na coordena\u00e7\u00e3o das equipes e processos de:<\/p>\n<ul style=\"text-align: justify;\">\n<li>Integra\u00e7\u00e3o e Lideran\u00e7a: Liderar e integrar os subsistemas de RH (R&amp;S, T&amp;D, Cargos e Sal\u00e1rios, DP, Clima e Endomarketing), garantindo efici\u00eancia e coer\u00eancia nas \u00e1reas de neg\u00f3cio. Estrat\u00e9gia e Pol\u00edticas: Desenvolver e implementar pol\u00edticas de gest\u00e3o de pessoas alinhadas \u00e0 estrat\u00e9gia das empresas do grupo. An\u00e1lise de Indicadores: Acompanhar indicadores de desempenho (KPIs), propondo melhorias em produtividade, clima organizacional e reten\u00e7\u00e3o de talentos.<\/li>\n<li>Conformidade: Garantir a conformidade trabalhista, a atualiza\u00e7\u00e3o das pr\u00e1ticas de Departamento Pessoal, benef\u00edcios e seguran\u00e7a do trabalho.<\/li>\n<li>Apoio Estrat\u00e9gico: Fornecer suporte \u00e0 lideran\u00e7a e diretoria na tomada de decis\u00f5es estrat\u00e9gicas relacionadas a pessoas e cultura corporativa.<\/li>\n<\/ul>\n<p style=\"text-align: justify;\">Jornada de trabalho:<\/p>\n<ul style=\"text-align: justify;\">\n<li>Segunda a Sexta Feira das 08:00 \u00e0s 18:00<\/li>\n<\/ul>\n<p style=\"text-align: justify;\">Remunera\u00e7\u00e3o:<\/p>\n<ul style=\"text-align: justify;\">\n<li>R$ 9.000,00 at\u00e9 R$ 10.000,00<\/li>\n<\/ul>\n<p style=\"text-align: justify;\">Cadastrar curr\u00edculo informando no assunto a vaga de interesse para o Link<br \/>\nhttps:\/\/www.empregare.com\/pt-br\/vaga-coordenador-a-de-recursos-humanos-maring_135464<\/p>\n","protected":false},"excerpt":{"rendered":"<p>Requisitos: Ensino Superior Completo em Administra\u00e7\u00e3o, Pedagogia, Psicologia, Engenharias ou \u00e1reas afins. P\u00f3s-Gradua\u00e7\u00e3o: Especializa\u00e7\u00e3o em Gest\u00e3o Empresarial, Gest\u00e3o de Pessoas ou afins. Necess\u00e1rio ter s\u00f3lida [&#8230;]<\/p>\n","protected":false},"author":2,"featured_media":0,"comment_status":"closed","ping_status":"closed","sticky":false,"template":"","format":"standard","meta":{"footnotes":""},"categories":[8,49,93,101],"tags":[],"class_list":["post-45480","post","type-post","status-publish","format-standard","hentry","category-administrativa","category-ensino-superior-completo","category-ensino-pos-graduacao","category-rh-dp-pessoal"],"yoast_head":"<!-- This site is optimized with the Yoast SEO plugin v27.5 - https:\/\/yoast.com\/product\/yoast-seo-wordpress\/ -->\n<title>Coordenador(a) de Recursos Humanos - Maring\u00e1 - PR - Vagas Paran\u00e1<\/title>\n<meta name=\"robots\" content=\"index, follow, max-snippet:-1, max-image-preview:large, max-video-preview:-1\" \/>\n<link rel=\"canonical\" href=\"https:\/\/www.vagasparana.com.br\/index.php\/2025\/10\/27\/coordenadora-de-recursos-humanos-maringa-pr\/\" \/>\n<meta property=\"og:locale\" content=\"pt_BR\" \/>\n<meta property=\"og:type\" content=\"article\" \/>\n<meta property=\"og:title\" content=\"Coordenador(a) de Recursos Humanos - Maring\u00e1 - PR - Vagas Paran\u00e1\" \/>\n<meta property=\"og:description\" content=\"Requisitos: Ensino Superior Completo em Administra\u00e7\u00e3o, Pedagogia, Psicologia, Engenharias ou \u00e1reas afins. P\u00f3s-Gradua\u00e7\u00e3o: Especializa\u00e7\u00e3o em Gest\u00e3o Empresarial, Gest\u00e3o de Pessoas ou afins. Necess\u00e1rio ter s\u00f3lida [...]\" \/>\n<meta property=\"og:url\" content=\"https:\/\/www.vagasparana.com.br\/index.php\/2025\/10\/27\/coordenadora-de-recursos-humanos-maringa-pr\/\" \/>\n<meta property=\"og:site_name\" content=\"Vagas Paran\u00e1\" \/>\n<meta property=\"article:published_time\" content=\"2025-10-27T20:00:06+00:00\" \/>\n<meta name=\"author\" content=\"Vagas Paran\u00e1\" \/>\n<meta name=\"twitter:card\" content=\"summary_large_image\" \/>\n<meta name=\"twitter:label1\" content=\"Escrito por\" \/>\n\t<meta name=\"twitter:data1\" content=\"Vagas Paran\u00e1\" \/>\n\t<meta name=\"twitter:label2\" content=\"Est. tempo de leitura\" \/>\n\t<meta name=\"twitter:data2\" content=\"2 minutos\" \/>\n<script type=\"application\/ld+json\" class=\"yoast-schema-graph\">{\"@context\":\"https:\\\/\\\/schema.org\",\"@graph\":[{\"@type\":\"Article\",\"@id\":\"https:\\\/\\\/www.vagasparana.com.br\\\/index.php\\\/2025\\\/10\\\/27\\\/coordenadora-de-recursos-humanos-maringa-pr\\\/#article\",\"isPartOf\":{\"@id\":\"https:\\\/\\\/www.vagasparana.com.br\\\/index.php\\\/2025\\\/10\\\/27\\\/coordenadora-de-recursos-humanos-maringa-pr\\\/\"},\"author\":{\"name\":\"Vagas Paran\u00e1\",\"@id\":\"https:\\\/\\\/www.vagasparana.com.br\\\/#\\\/schema\\\/person\\\/e9f1b5eee80e419283ff066c3d1bf3de\"},\"headline\":\"Coordenador(a) de Recursos Humanos &#8211; Maring\u00e1 &#8211; PR\",\"datePublished\":\"2025-10-27T20:00:06+00:00\",\"mainEntityOfPage\":{\"@id\":\"https:\\\/\\\/www.vagasparana.com.br\\\/index.php\\\/2025\\\/10\\\/27\\\/coordenadora-de-recursos-humanos-maringa-pr\\\/\"},\"wordCount\":275,\"publisher\":{\"@id\":\"https:\\\/\\\/www.vagasparana.com.br\\\/#organization\"},\"articleSection\":[\"administra\u00e7\u00e3o geral\",\"ensino superior\",\"p\u00f3s-gradua\u00e7\u00e3o\",\"RH \\\/ DP\"],\"inLanguage\":\"pt-BR\"},{\"@type\":\"WebPage\",\"@id\":\"https:\\\/\\\/www.vagasparana.com.br\\\/index.php\\\/2025\\\/10\\\/27\\\/coordenadora-de-recursos-humanos-maringa-pr\\\/\",\"url\":\"https:\\\/\\\/www.vagasparana.com.br\\\/index.php\\\/2025\\\/10\\\/27\\\/coordenadora-de-recursos-humanos-maringa-pr\\\/\",\"name\":\"Coordenador(a) de Recursos Humanos - Maring\u00e1 - PR - Vagas Paran\u00e1\",\"isPartOf\":{\"@id\":\"https:\\\/\\\/www.vagasparana.com.br\\\/#website\"},\"datePublished\":\"2025-10-27T20:00:06+00:00\",\"breadcrumb\":{\"@id\":\"https:\\\/\\\/www.vagasparana.com.br\\\/index.php\\\/2025\\\/10\\\/27\\\/coordenadora-de-recursos-humanos-maringa-pr\\\/#breadcrumb\"},\"inLanguage\":\"pt-BR\",\"potentialAction\":[{\"@type\":\"ReadAction\",\"target\":[\"https:\\\/\\\/www.vagasparana.com.br\\\/index.php\\\/2025\\\/10\\\/27\\\/coordenadora-de-recursos-humanos-maringa-pr\\\/\"]}]},{\"@type\":\"BreadcrumbList\",\"@id\":\"https:\\\/\\\/www.vagasparana.com.br\\\/index.php\\\/2025\\\/10\\\/27\\\/coordenadora-de-recursos-humanos-maringa-pr\\\/#breadcrumb\",\"itemListElement\":[{\"@type\":\"ListItem\",\"position\":1,\"name\":\"Home\",\"item\":\"https:\\\/\\\/www.vagasparana.com.br\\\/\"},{\"@type\":\"ListItem\",\"position\":2,\"name\":\"Coordenador(a) de Recursos Humanos &#8211; Maring\u00e1 &#8211; PR\"}]},{\"@type\":\"WebSite\",\"@id\":\"https:\\\/\\\/www.vagasparana.com.br\\\/#website\",\"url\":\"https:\\\/\\\/www.vagasparana.com.br\\\/\",\"name\":\"Vagas Paran\u00e1\",\"description\":\"Vagas de Emprego e Est\u00e1gio no Paran\u00e1\",\"publisher\":{\"@id\":\"https:\\\/\\\/www.vagasparana.com.br\\\/#organization\"},\"potentialAction\":[{\"@type\":\"SearchAction\",\"target\":{\"@type\":\"EntryPoint\",\"urlTemplate\":\"https:\\\/\\\/www.vagasparana.com.br\\\/?s={search_term_string}\"},\"query-input\":{\"@type\":\"PropertyValueSpecification\",\"valueRequired\":true,\"valueName\":\"search_term_string\"}}],\"inLanguage\":\"pt-BR\"},{\"@type\":\"Organization\",\"@id\":\"https:\\\/\\\/www.vagasparana.com.br\\\/#organization\",\"name\":\"Vagas Paran\u00e1\",\"url\":\"https:\\\/\\\/www.vagasparana.com.br\\\/\",\"logo\":{\"@type\":\"ImageObject\",\"inLanguage\":\"pt-BR\",\"@id\":\"https:\\\/\\\/www.vagasparana.com.br\\\/#\\\/schema\\\/logo\\\/image\\\/\",\"url\":\"https:\\\/\\\/www.vagasparana.com.br\\\/wp-content\\\/uploads\\\/2025\\\/06\\\/cropped-vpr_logo2021.jpg\",\"contentUrl\":\"https:\\\/\\\/www.vagasparana.com.br\\\/wp-content\\\/uploads\\\/2025\\\/06\\\/cropped-vpr_logo2021.jpg\",\"width\":270,\"height\":100,\"caption\":\"Vagas Paran\u00e1\"},\"image\":{\"@id\":\"https:\\\/\\\/www.vagasparana.com.br\\\/#\\\/schema\\\/logo\\\/image\\\/\"}},{\"@type\":\"Person\",\"@id\":\"https:\\\/\\\/www.vagasparana.com.br\\\/#\\\/schema\\\/person\\\/e9f1b5eee80e419283ff066c3d1bf3de\",\"name\":\"Vagas Paran\u00e1\",\"image\":{\"@type\":\"ImageObject\",\"inLanguage\":\"pt-BR\",\"@id\":\"https:\\\/\\\/secure.gravatar.com\\\/avatar\\\/e198f9393383244894b06db503be8cb43011f384a429c7a9f84f3f61c138a35e?s=96&r=g\",\"url\":\"https:\\\/\\\/secure.gravatar.com\\\/avatar\\\/e198f9393383244894b06db503be8cb43011f384a429c7a9f84f3f61c138a35e?s=96&r=g\",\"contentUrl\":\"https:\\\/\\\/secure.gravatar.com\\\/avatar\\\/e198f9393383244894b06db503be8cb43011f384a429c7a9f84f3f61c138a35e?s=96&r=g\",\"caption\":\"Vagas Paran\u00e1\"},\"url\":\"https:\\\/\\\/www.vagasparana.com.br\\\/index.php\\\/author\\\/vagasemprego\\\/\"}]}<\/script>\n<!-- \/ Yoast SEO plugin. -->","yoast_head_json":{"title":"Coordenador(a) de Recursos Humanos - Maring\u00e1 - PR - Vagas Paran\u00e1","robots":{"index":"index","follow":"follow","max-snippet":"max-snippet:-1","max-image-preview":"max-image-preview:large","max-video-preview":"max-video-preview:-1"},"canonical":"https:\/\/www.vagasparana.com.br\/index.php\/2025\/10\/27\/coordenadora-de-recursos-humanos-maringa-pr\/","og_locale":"pt_BR","og_type":"article","og_title":"Coordenador(a) de Recursos Humanos - Maring\u00e1 - PR - Vagas Paran\u00e1","og_description":"Requisitos: Ensino Superior Completo em Administra\u00e7\u00e3o, Pedagogia, Psicologia, Engenharias ou \u00e1reas afins. P\u00f3s-Gradua\u00e7\u00e3o: Especializa\u00e7\u00e3o em Gest\u00e3o Empresarial, Gest\u00e3o de Pessoas ou afins. Necess\u00e1rio ter s\u00f3lida [...]","og_url":"https:\/\/www.vagasparana.com.br\/index.php\/2025\/10\/27\/coordenadora-de-recursos-humanos-maringa-pr\/","og_site_name":"Vagas Paran\u00e1","article_published_time":"2025-10-27T20:00:06+00:00","author":"Vagas Paran\u00e1","twitter_card":"summary_large_image","twitter_misc":{"Escrito por":"Vagas Paran\u00e1","Est. tempo de leitura":"2 minutos"},"schema":{"@context":"https:\/\/schema.org","@graph":[{"@type":"Article","@id":"https:\/\/www.vagasparana.com.br\/index.php\/2025\/10\/27\/coordenadora-de-recursos-humanos-maringa-pr\/#article","isPartOf":{"@id":"https:\/\/www.vagasparana.com.br\/index.php\/2025\/10\/27\/coordenadora-de-recursos-humanos-maringa-pr\/"},"author":{"name":"Vagas Paran\u00e1","@id":"https:\/\/www.vagasparana.com.br\/#\/schema\/person\/e9f1b5eee80e419283ff066c3d1bf3de"},"headline":"Coordenador(a) de Recursos Humanos &#8211; Maring\u00e1 &#8211; PR","datePublished":"2025-10-27T20:00:06+00:00","mainEntityOfPage":{"@id":"https:\/\/www.vagasparana.com.br\/index.php\/2025\/10\/27\/coordenadora-de-recursos-humanos-maringa-pr\/"},"wordCount":275,"publisher":{"@id":"https:\/\/www.vagasparana.com.br\/#organization"},"articleSection":["administra\u00e7\u00e3o geral","ensino superior","p\u00f3s-gradua\u00e7\u00e3o","RH \/ DP"],"inLanguage":"pt-BR"},{"@type":"WebPage","@id":"https:\/\/www.vagasparana.com.br\/index.php\/2025\/10\/27\/coordenadora-de-recursos-humanos-maringa-pr\/","url":"https:\/\/www.vagasparana.com.br\/index.php\/2025\/10\/27\/coordenadora-de-recursos-humanos-maringa-pr\/","name":"Coordenador(a) de Recursos Humanos - Maring\u00e1 - PR - Vagas Paran\u00e1","isPartOf":{"@id":"https:\/\/www.vagasparana.com.br\/#website"},"datePublished":"2025-10-27T20:00:06+00:00","breadcrumb":{"@id":"https:\/\/www.vagasparana.com.br\/index.php\/2025\/10\/27\/coordenadora-de-recursos-humanos-maringa-pr\/#breadcrumb"},"inLanguage":"pt-BR","potentialAction":[{"@type":"ReadAction","target":["https:\/\/www.vagasparana.com.br\/index.php\/2025\/10\/27\/coordenadora-de-recursos-humanos-maringa-pr\/"]}]},{"@type":"BreadcrumbList","@id":"https:\/\/www.vagasparana.com.br\/index.php\/2025\/10\/27\/coordenadora-de-recursos-humanos-maringa-pr\/#breadcrumb","itemListElement":[{"@type":"ListItem","position":1,"name":"Home","item":"https:\/\/www.vagasparana.com.br\/"},{"@type":"ListItem","position":2,"name":"Coordenador(a) de Recursos Humanos &#8211; Maring\u00e1 &#8211; PR"}]},{"@type":"WebSite","@id":"https:\/\/www.vagasparana.com.br\/#website","url":"https:\/\/www.vagasparana.com.br\/","name":"Vagas Paran\u00e1","description":"Vagas de Emprego e Est\u00e1gio no Paran\u00e1","publisher":{"@id":"https:\/\/www.vagasparana.com.br\/#organization"},"potentialAction":[{"@type":"SearchAction","target":{"@type":"EntryPoint","urlTemplate":"https:\/\/www.vagasparana.com.br\/?s={search_term_string}"},"query-input":{"@type":"PropertyValueSpecification","valueRequired":true,"valueName":"search_term_string"}}],"inLanguage":"pt-BR"},{"@type":"Organization","@id":"https:\/\/www.vagasparana.com.br\/#organization","name":"Vagas Paran\u00e1","url":"https:\/\/www.vagasparana.com.br\/","logo":{"@type":"ImageObject","inLanguage":"pt-BR","@id":"https:\/\/www.vagasparana.com.br\/#\/schema\/logo\/image\/","url":"https:\/\/www.vagasparana.com.br\/wp-content\/uploads\/2025\/06\/cropped-vpr_logo2021.jpg","contentUrl":"https:\/\/www.vagasparana.com.br\/wp-content\/uploads\/2025\/06\/cropped-vpr_logo2021.jpg","width":270,"height":100,"caption":"Vagas Paran\u00e1"},"image":{"@id":"https:\/\/www.vagasparana.com.br\/#\/schema\/logo\/image\/"}},{"@type":"Person","@id":"https:\/\/www.vagasparana.com.br\/#\/schema\/person\/e9f1b5eee80e419283ff066c3d1bf3de","name":"Vagas Paran\u00e1","image":{"@type":"ImageObject","inLanguage":"pt-BR","@id":"https:\/\/secure.gravatar.com\/avatar\/e198f9393383244894b06db503be8cb43011f384a429c7a9f84f3f61c138a35e?s=96&r=g","url":"https:\/\/secure.gravatar.com\/avatar\/e198f9393383244894b06db503be8cb43011f384a429c7a9f84f3f61c138a35e?s=96&r=g","contentUrl":"https:\/\/secure.gravatar.com\/avatar\/e198f9393383244894b06db503be8cb43011f384a429c7a9f84f3f61c138a35e?s=96&r=g","caption":"Vagas Paran\u00e1"},"url":"https:\/\/www.vagasparana.com.br\/index.php\/author\/vagasemprego\/"}]}},"_links":{"self":[{"href":"https:\/\/www.vagasparana.com.br\/index.php\/wp-json\/wp\/v2\/posts\/45480","targetHints":{"allow":["GET"]}}],"collection":[{"href":"https:\/\/www.vagasparana.com.br\/index.php\/wp-json\/wp\/v2\/posts"}],"about":[{"href":"https:\/\/www.vagasparana.com.br\/index.php\/wp-json\/wp\/v2\/types\/post"}],"author":[{"embeddable":true,"href":"https:\/\/www.vagasparana.com.br\/index.php\/wp-json\/wp\/v2\/users\/2"}],"replies":[{"embeddable":true,"href":"https:\/\/www.vagasparana.com.br\/index.php\/wp-json\/wp\/v2\/comments?post=45480"}],"version-history":[{"count":1,"href":"https:\/\/www.vagasparana.com.br\/index.php\/wp-json\/wp\/v2\/posts\/45480\/revisions"}],"predecessor-version":[{"id":45481,"href":"https:\/\/www.vagasparana.com.br\/index.php\/wp-json\/wp\/v2\/posts\/45480\/revisions\/45481"}],"wp:attachment":[{"href":"https:\/\/www.vagasparana.com.br\/index.php\/wp-json\/wp\/v2\/media?parent=45480"}],"wp:term":[{"taxonomy":"category","embeddable":true,"href":"https:\/\/www.vagasparana.com.br\/index.php\/wp-json\/wp\/v2\/categories?post=45480"},{"taxonomy":"post_tag","embeddable":true,"href":"https:\/\/www.vagasparana.com.br\/index.php\/wp-json\/wp\/v2\/tags?post=45480"}],"curies":[{"name":"wp","href":"https:\/\/api.w.org\/{rel}","templated":true}]}}