{"id":45482,"date":"2025-10-27T18:00:39","date_gmt":"2025-10-27T21:00:39","guid":{"rendered":"https:\/\/www.vagasparana.com.br\/?p=45482"},"modified":"2025-10-25T21:25:28","modified_gmt":"2025-10-26T00:25:28","slug":"coordenadora-financeiro-maringa-pr","status":"publish","type":"post","link":"https:\/\/www.vagasparana.com.br\/index.php\/2025\/10\/27\/coordenadora-financeiro-maringa-pr\/","title":{"rendered":"Coordenador(a) Financeiro &#8211; Maring\u00e1 &#8211; PR"},"content":{"rendered":"<p style=\"text-align: justify;\">Requisitos:<\/p>\n<ul style=\"text-align: justify;\">\n<li>Ensino Superior Completa em Economia ou Ci\u00eancias Cont\u00e1beis.<\/li>\n<li>P\u00f3s-gradua\u00e7\u00e3o em Finan\u00e7as, Controladoria ou Gest\u00e3o Empresarial.(Diferenciais)<\/li>\n<li>Conhecimento T\u00e9cnico: Conhecimento s\u00f3lido em fluxo de caixa, concilia\u00e7\u00f5es, or\u00e7amentos e relat\u00f3rios financeiros.<\/li>\n<li>Ter conhecimento e dom\u00ednio de Excel Avan\u00e7ado e experi\u00eancia com ferramentas de gest\u00e3o financeira (ERP).<\/li>\n<li>Ter capacidade anal\u00edtica, organiza\u00e7\u00e3o e aten\u00e7\u00e3o a detalhes.<\/li>\n<\/ul>\n<p style=\"text-align: justify;\">Atividades e Responsabilidades:<br \/>\nO Coordenador(a) ser\u00e1 respons\u00e1vel por liderar e executar as seguintes atividades:<\/p>\n<ul style=\"text-align: justify;\">\n<li>Planejamento e Or\u00e7amento: Elaborar e acompanhar o planejamento financeiro e or\u00e7ament\u00e1rio anual, monitorando custos, receitas, despesas e investimentos. Gest\u00e3o de Fluxo de Caixa: Controlar entradas e sa\u00eddas di\u00e1rias, garantindo liquidez e previsibilidade. Analisar proje\u00e7\u00f5es e gerir movimenta\u00e7\u00f5es banc\u00e1rias e concilia\u00e7\u00f5es. Contas a Pagar e Receber: Supervisionar pagamentos, faturamento, cobran\u00e7as e recebimentos, garantindo prazos e conformidade. Implantar rotinas padronizadas de controle.<br \/>\nRelat\u00f3rios e Indicadores: Elaborar relat\u00f3rios gerenciais, demonstrativos de resultados e proje\u00e7\u00f5es financeiras. Apresentar an\u00e1lises de rentabilidade e performance \u00e0 Diretoria.<\/li>\n<li>Controle e Conformidade: Garantir a ader\u00eancia a pol\u00edticas internas e normas cont\u00e1beis. Implementar controles financeiros e processos de compliance.<\/li>\n<li>Lideran\u00e7a de Equipe: Coordenar e desenvolver a equipe financeira, avaliando o desempenho e implementando melhorias tecnol\u00f3gicas e automatiza\u00e7\u00f5es para ganho de produtividade.<\/li>\n<\/ul>\n<p style=\"text-align: justify;\">Jornada de trabalho:<\/p>\n<ul style=\"text-align: justify;\">\n<li>Segunda a Sexta Feira das 08:00 \u00e0s 18:00<\/li>\n<\/ul>\n<p style=\"text-align: justify;\">Remunera\u00e7\u00e3o:<\/p>\n<ul style=\"text-align: justify;\">\n<li>R$ 9.000,00 at\u00e9 R$ 10.000,00<\/li>\n<\/ul>\n<p style=\"text-align: justify;\">Cadastrar curr\u00edculo informando no assunto a vaga de interesse para o Link<br \/>\nhttps:\/\/www.empregare.com\/pt-br\/vaga-coordenador-a-financeiro-maringa-pr_135463<\/p>\n","protected":false},"excerpt":{"rendered":"<p>Requisitos: Ensino Superior Completa em Economia ou Ci\u00eancias Cont\u00e1beis. P\u00f3s-gradua\u00e7\u00e3o em Finan\u00e7as, Controladoria ou Gest\u00e3o Empresarial.(Diferenciais) Conhecimento T\u00e9cnico: Conhecimento s\u00f3lido em fluxo de caixa, concilia\u00e7\u00f5es, [&#8230;]<\/p>\n","protected":false},"author":2,"featured_media":0,"comment_status":"closed","ping_status":"closed","sticky":false,"template":"","format":"standard","meta":{"footnotes":""},"categories":[28,49,93],"tags":[],"class_list":["post-45482","post","type-post","status-publish","format-standard","hentry","category-contabil-financeiro","category-ensino-superior-completo","category-ensino-pos-graduacao"],"yoast_head":"<!-- This site is optimized with the Yoast SEO plugin v27.5 - https:\/\/yoast.com\/product\/yoast-seo-wordpress\/ -->\n<title>Coordenador(a) Financeiro - Maring\u00e1 - PR - Vagas Paran\u00e1<\/title>\n<meta name=\"robots\" content=\"index, follow, max-snippet:-1, max-image-preview:large, max-video-preview:-1\" \/>\n<link rel=\"canonical\" href=\"https:\/\/www.vagasparana.com.br\/index.php\/2025\/10\/27\/coordenadora-financeiro-maringa-pr\/\" \/>\n<meta property=\"og:locale\" content=\"pt_BR\" \/>\n<meta property=\"og:type\" content=\"article\" \/>\n<meta property=\"og:title\" content=\"Coordenador(a) Financeiro - Maring\u00e1 - PR - Vagas Paran\u00e1\" \/>\n<meta property=\"og:description\" content=\"Requisitos: Ensino Superior Completa em Economia ou Ci\u00eancias Cont\u00e1beis. P\u00f3s-gradua\u00e7\u00e3o em Finan\u00e7as, Controladoria ou Gest\u00e3o Empresarial.(Diferenciais) Conhecimento T\u00e9cnico: Conhecimento s\u00f3lido em fluxo de caixa, concilia\u00e7\u00f5es, [...]\" \/>\n<meta property=\"og:url\" content=\"https:\/\/www.vagasparana.com.br\/index.php\/2025\/10\/27\/coordenadora-financeiro-maringa-pr\/\" \/>\n<meta property=\"og:site_name\" content=\"Vagas Paran\u00e1\" \/>\n<meta property=\"article:published_time\" content=\"2025-10-27T21:00:39+00:00\" \/>\n<meta name=\"author\" content=\"Vagas Paran\u00e1\" \/>\n<meta name=\"twitter:card\" content=\"summary_large_image\" \/>\n<meta name=\"twitter:label1\" content=\"Escrito por\" \/>\n\t<meta name=\"twitter:data1\" content=\"Vagas Paran\u00e1\" \/>\n\t<meta name=\"twitter:label2\" content=\"Est. tempo de leitura\" \/>\n\t<meta name=\"twitter:data2\" content=\"2 minutos\" \/>\n<script type=\"application\/ld+json\" class=\"yoast-schema-graph\">{\"@context\":\"https:\\\/\\\/schema.org\",\"@graph\":[{\"@type\":\"Article\",\"@id\":\"https:\\\/\\\/www.vagasparana.com.br\\\/index.php\\\/2025\\\/10\\\/27\\\/coordenadora-financeiro-maringa-pr\\\/#article\",\"isPartOf\":{\"@id\":\"https:\\\/\\\/www.vagasparana.com.br\\\/index.php\\\/2025\\\/10\\\/27\\\/coordenadora-financeiro-maringa-pr\\\/\"},\"author\":{\"name\":\"Vagas Paran\u00e1\",\"@id\":\"https:\\\/\\\/www.vagasparana.com.br\\\/#\\\/schema\\\/person\\\/e9f1b5eee80e419283ff066c3d1bf3de\"},\"headline\":\"Coordenador(a) Financeiro &#8211; Maring\u00e1 &#8211; PR\",\"datePublished\":\"2025-10-27T21:00:39+00:00\",\"mainEntityOfPage\":{\"@id\":\"https:\\\/\\\/www.vagasparana.com.br\\\/index.php\\\/2025\\\/10\\\/27\\\/coordenadora-financeiro-maringa-pr\\\/\"},\"wordCount\":268,\"publisher\":{\"@id\":\"https:\\\/\\\/www.vagasparana.com.br\\\/#organization\"},\"articleSection\":[\"cont\u00e1bil \\\/ financeiro\",\"ensino superior\",\"p\u00f3s-gradua\u00e7\u00e3o\"],\"inLanguage\":\"pt-BR\"},{\"@type\":\"WebPage\",\"@id\":\"https:\\\/\\\/www.vagasparana.com.br\\\/index.php\\\/2025\\\/10\\\/27\\\/coordenadora-financeiro-maringa-pr\\\/\",\"url\":\"https:\\\/\\\/www.vagasparana.com.br\\\/index.php\\\/2025\\\/10\\\/27\\\/coordenadora-financeiro-maringa-pr\\\/\",\"name\":\"Coordenador(a) Financeiro - Maring\u00e1 - PR - Vagas Paran\u00e1\",\"isPartOf\":{\"@id\":\"https:\\\/\\\/www.vagasparana.com.br\\\/#website\"},\"datePublished\":\"2025-10-27T21:00:39+00:00\",\"breadcrumb\":{\"@id\":\"https:\\\/\\\/www.vagasparana.com.br\\\/index.php\\\/2025\\\/10\\\/27\\\/coordenadora-financeiro-maringa-pr\\\/#breadcrumb\"},\"inLanguage\":\"pt-BR\",\"potentialAction\":[{\"@type\":\"ReadAction\",\"target\":[\"https:\\\/\\\/www.vagasparana.com.br\\\/index.php\\\/2025\\\/10\\\/27\\\/coordenadora-financeiro-maringa-pr\\\/\"]}]},{\"@type\":\"BreadcrumbList\",\"@id\":\"https:\\\/\\\/www.vagasparana.com.br\\\/index.php\\\/2025\\\/10\\\/27\\\/coordenadora-financeiro-maringa-pr\\\/#breadcrumb\",\"itemListElement\":[{\"@type\":\"ListItem\",\"position\":1,\"name\":\"Home\",\"item\":\"https:\\\/\\\/www.vagasparana.com.br\\\/\"},{\"@type\":\"ListItem\",\"position\":2,\"name\":\"Coordenador(a) Financeiro &#8211; Maring\u00e1 &#8211; PR\"}]},{\"@type\":\"WebSite\",\"@id\":\"https:\\\/\\\/www.vagasparana.com.br\\\/#website\",\"url\":\"https:\\\/\\\/www.vagasparana.com.br\\\/\",\"name\":\"Vagas Paran\u00e1\",\"description\":\"Vagas de Emprego e Est\u00e1gio no Paran\u00e1\",\"publisher\":{\"@id\":\"https:\\\/\\\/www.vagasparana.com.br\\\/#organization\"},\"potentialAction\":[{\"@type\":\"SearchAction\",\"target\":{\"@type\":\"EntryPoint\",\"urlTemplate\":\"https:\\\/\\\/www.vagasparana.com.br\\\/?s={search_term_string}\"},\"query-input\":{\"@type\":\"PropertyValueSpecification\",\"valueRequired\":true,\"valueName\":\"search_term_string\"}}],\"inLanguage\":\"pt-BR\"},{\"@type\":\"Organization\",\"@id\":\"https:\\\/\\\/www.vagasparana.com.br\\\/#organization\",\"name\":\"Vagas Paran\u00e1\",\"url\":\"https:\\\/\\\/www.vagasparana.com.br\\\/\",\"logo\":{\"@type\":\"ImageObject\",\"inLanguage\":\"pt-BR\",\"@id\":\"https:\\\/\\\/www.vagasparana.com.br\\\/#\\\/schema\\\/logo\\\/image\\\/\",\"url\":\"https:\\\/\\\/www.vagasparana.com.br\\\/wp-content\\\/uploads\\\/2025\\\/06\\\/cropped-vpr_logo2021.jpg\",\"contentUrl\":\"https:\\\/\\\/www.vagasparana.com.br\\\/wp-content\\\/uploads\\\/2025\\\/06\\\/cropped-vpr_logo2021.jpg\",\"width\":270,\"height\":100,\"caption\":\"Vagas Paran\u00e1\"},\"image\":{\"@id\":\"https:\\\/\\\/www.vagasparana.com.br\\\/#\\\/schema\\\/logo\\\/image\\\/\"}},{\"@type\":\"Person\",\"@id\":\"https:\\\/\\\/www.vagasparana.com.br\\\/#\\\/schema\\\/person\\\/e9f1b5eee80e419283ff066c3d1bf3de\",\"name\":\"Vagas Paran\u00e1\",\"image\":{\"@type\":\"ImageObject\",\"inLanguage\":\"pt-BR\",\"@id\":\"https:\\\/\\\/secure.gravatar.com\\\/avatar\\\/e198f9393383244894b06db503be8cb43011f384a429c7a9f84f3f61c138a35e?s=96&r=g\",\"url\":\"https:\\\/\\\/secure.gravatar.com\\\/avatar\\\/e198f9393383244894b06db503be8cb43011f384a429c7a9f84f3f61c138a35e?s=96&r=g\",\"contentUrl\":\"https:\\\/\\\/secure.gravatar.com\\\/avatar\\\/e198f9393383244894b06db503be8cb43011f384a429c7a9f84f3f61c138a35e?s=96&r=g\",\"caption\":\"Vagas Paran\u00e1\"},\"url\":\"https:\\\/\\\/www.vagasparana.com.br\\\/index.php\\\/author\\\/vagasemprego\\\/\"}]}<\/script>\n<!-- \/ Yoast SEO plugin. -->","yoast_head_json":{"title":"Coordenador(a) Financeiro - Maring\u00e1 - PR - Vagas Paran\u00e1","robots":{"index":"index","follow":"follow","max-snippet":"max-snippet:-1","max-image-preview":"max-image-preview:large","max-video-preview":"max-video-preview:-1"},"canonical":"https:\/\/www.vagasparana.com.br\/index.php\/2025\/10\/27\/coordenadora-financeiro-maringa-pr\/","og_locale":"pt_BR","og_type":"article","og_title":"Coordenador(a) Financeiro - Maring\u00e1 - PR - Vagas Paran\u00e1","og_description":"Requisitos: Ensino Superior Completa em Economia ou Ci\u00eancias Cont\u00e1beis. P\u00f3s-gradua\u00e7\u00e3o em Finan\u00e7as, Controladoria ou Gest\u00e3o Empresarial.(Diferenciais) Conhecimento T\u00e9cnico: Conhecimento s\u00f3lido em fluxo de caixa, concilia\u00e7\u00f5es, [...]","og_url":"https:\/\/www.vagasparana.com.br\/index.php\/2025\/10\/27\/coordenadora-financeiro-maringa-pr\/","og_site_name":"Vagas Paran\u00e1","article_published_time":"2025-10-27T21:00:39+00:00","author":"Vagas Paran\u00e1","twitter_card":"summary_large_image","twitter_misc":{"Escrito por":"Vagas Paran\u00e1","Est. tempo de leitura":"2 minutos"},"schema":{"@context":"https:\/\/schema.org","@graph":[{"@type":"Article","@id":"https:\/\/www.vagasparana.com.br\/index.php\/2025\/10\/27\/coordenadora-financeiro-maringa-pr\/#article","isPartOf":{"@id":"https:\/\/www.vagasparana.com.br\/index.php\/2025\/10\/27\/coordenadora-financeiro-maringa-pr\/"},"author":{"name":"Vagas Paran\u00e1","@id":"https:\/\/www.vagasparana.com.br\/#\/schema\/person\/e9f1b5eee80e419283ff066c3d1bf3de"},"headline":"Coordenador(a) Financeiro &#8211; Maring\u00e1 &#8211; PR","datePublished":"2025-10-27T21:00:39+00:00","mainEntityOfPage":{"@id":"https:\/\/www.vagasparana.com.br\/index.php\/2025\/10\/27\/coordenadora-financeiro-maringa-pr\/"},"wordCount":268,"publisher":{"@id":"https:\/\/www.vagasparana.com.br\/#organization"},"articleSection":["cont\u00e1bil \/ financeiro","ensino superior","p\u00f3s-gradua\u00e7\u00e3o"],"inLanguage":"pt-BR"},{"@type":"WebPage","@id":"https:\/\/www.vagasparana.com.br\/index.php\/2025\/10\/27\/coordenadora-financeiro-maringa-pr\/","url":"https:\/\/www.vagasparana.com.br\/index.php\/2025\/10\/27\/coordenadora-financeiro-maringa-pr\/","name":"Coordenador(a) Financeiro - Maring\u00e1 - PR - Vagas Paran\u00e1","isPartOf":{"@id":"https:\/\/www.vagasparana.com.br\/#website"},"datePublished":"2025-10-27T21:00:39+00:00","breadcrumb":{"@id":"https:\/\/www.vagasparana.com.br\/index.php\/2025\/10\/27\/coordenadora-financeiro-maringa-pr\/#breadcrumb"},"inLanguage":"pt-BR","potentialAction":[{"@type":"ReadAction","target":["https:\/\/www.vagasparana.com.br\/index.php\/2025\/10\/27\/coordenadora-financeiro-maringa-pr\/"]}]},{"@type":"BreadcrumbList","@id":"https:\/\/www.vagasparana.com.br\/index.php\/2025\/10\/27\/coordenadora-financeiro-maringa-pr\/#breadcrumb","itemListElement":[{"@type":"ListItem","position":1,"name":"Home","item":"https:\/\/www.vagasparana.com.br\/"},{"@type":"ListItem","position":2,"name":"Coordenador(a) Financeiro &#8211; Maring\u00e1 &#8211; PR"}]},{"@type":"WebSite","@id":"https:\/\/www.vagasparana.com.br\/#website","url":"https:\/\/www.vagasparana.com.br\/","name":"Vagas Paran\u00e1","description":"Vagas de Emprego e Est\u00e1gio no Paran\u00e1","publisher":{"@id":"https:\/\/www.vagasparana.com.br\/#organization"},"potentialAction":[{"@type":"SearchAction","target":{"@type":"EntryPoint","urlTemplate":"https:\/\/www.vagasparana.com.br\/?s={search_term_string}"},"query-input":{"@type":"PropertyValueSpecification","valueRequired":true,"valueName":"search_term_string"}}],"inLanguage":"pt-BR"},{"@type":"Organization","@id":"https:\/\/www.vagasparana.com.br\/#organization","name":"Vagas Paran\u00e1","url":"https:\/\/www.vagasparana.com.br\/","logo":{"@type":"ImageObject","inLanguage":"pt-BR","@id":"https:\/\/www.vagasparana.com.br\/#\/schema\/logo\/image\/","url":"https:\/\/www.vagasparana.com.br\/wp-content\/uploads\/2025\/06\/cropped-vpr_logo2021.jpg","contentUrl":"https:\/\/www.vagasparana.com.br\/wp-content\/uploads\/2025\/06\/cropped-vpr_logo2021.jpg","width":270,"height":100,"caption":"Vagas Paran\u00e1"},"image":{"@id":"https:\/\/www.vagasparana.com.br\/#\/schema\/logo\/image\/"}},{"@type":"Person","@id":"https:\/\/www.vagasparana.com.br\/#\/schema\/person\/e9f1b5eee80e419283ff066c3d1bf3de","name":"Vagas Paran\u00e1","image":{"@type":"ImageObject","inLanguage":"pt-BR","@id":"https:\/\/secure.gravatar.com\/avatar\/e198f9393383244894b06db503be8cb43011f384a429c7a9f84f3f61c138a35e?s=96&r=g","url":"https:\/\/secure.gravatar.com\/avatar\/e198f9393383244894b06db503be8cb43011f384a429c7a9f84f3f61c138a35e?s=96&r=g","contentUrl":"https:\/\/secure.gravatar.com\/avatar\/e198f9393383244894b06db503be8cb43011f384a429c7a9f84f3f61c138a35e?s=96&r=g","caption":"Vagas Paran\u00e1"},"url":"https:\/\/www.vagasparana.com.br\/index.php\/author\/vagasemprego\/"}]}},"_links":{"self":[{"href":"https:\/\/www.vagasparana.com.br\/index.php\/wp-json\/wp\/v2\/posts\/45482","targetHints":{"allow":["GET"]}}],"collection":[{"href":"https:\/\/www.vagasparana.com.br\/index.php\/wp-json\/wp\/v2\/posts"}],"about":[{"href":"https:\/\/www.vagasparana.com.br\/index.php\/wp-json\/wp\/v2\/types\/post"}],"author":[{"embeddable":true,"href":"https:\/\/www.vagasparana.com.br\/index.php\/wp-json\/wp\/v2\/users\/2"}],"replies":[{"embeddable":true,"href":"https:\/\/www.vagasparana.com.br\/index.php\/wp-json\/wp\/v2\/comments?post=45482"}],"version-history":[{"count":1,"href":"https:\/\/www.vagasparana.com.br\/index.php\/wp-json\/wp\/v2\/posts\/45482\/revisions"}],"predecessor-version":[{"id":45483,"href":"https:\/\/www.vagasparana.com.br\/index.php\/wp-json\/wp\/v2\/posts\/45482\/revisions\/45483"}],"wp:attachment":[{"href":"https:\/\/www.vagasparana.com.br\/index.php\/wp-json\/wp\/v2\/media?parent=45482"}],"wp:term":[{"taxonomy":"category","embeddable":true,"href":"https:\/\/www.vagasparana.com.br\/index.php\/wp-json\/wp\/v2\/categories?post=45482"},{"taxonomy":"post_tag","embeddable":true,"href":"https:\/\/www.vagasparana.com.br\/index.php\/wp-json\/wp\/v2\/tags?post=45482"}],"curies":[{"name":"wp","href":"https:\/\/api.w.org\/{rel}","templated":true}]}}