{"id":45488,"date":"2025-10-28T10:00:44","date_gmt":"2025-10-28T13:00:44","guid":{"rendered":"https:\/\/www.vagasparana.com.br\/?p=45488"},"modified":"2025-10-27T21:23:31","modified_gmt":"2025-10-28T00:23:31","slug":"analista-de-marketing-araucaria-pr","status":"publish","type":"post","link":"https:\/\/www.vagasparana.com.br\/index.php\/2025\/10\/28\/analista-de-marketing-araucaria-pr\/","title":{"rendered":"Analista de Marketing &#8211; Arauc\u00e1ria &#8211; PR"},"content":{"rendered":"<p style=\"text-align: justify;\">Atividades:<\/p>\n<ul style=\"text-align: justify;\">\n<li>Ser\u00e1 respons\u00e1vel por apoiar na sele\u00e7\u00e3o e gest\u00e3o de conte\u00fados institucionais para redes sociais, garantindo alinhamento com o tom de voz da Cultura da Empresa. Atuar\u00e1 em parceria com a matriz, regionais e ag\u00eancia de publicidade, al\u00e9m de contribuir na cria\u00e7\u00e3o de pe\u00e7as gr\u00e1ficas, produ\u00e7\u00e3o de materiais institucionais e suporte em eventos. Tamb\u00e9m ir\u00e1 produzir e editar conte\u00fados audiovisuais (fotografia, v\u00eddeo e podcasts), colaborar no planejamento e execu\u00e7\u00e3o de campanhas, acompanhar pautas e atualizar templates. Faz parte das atividades ainda o relacionamento com fornecedores, elabora\u00e7\u00e3o de briefings, apresenta\u00e7\u00f5es e relat\u00f3rios, bem como o registro de notas e apoio na organiza\u00e7\u00e3o de projetos e demandas do time de marketing.<\/li>\n<\/ul>\n<p style=\"text-align: justify;\">Requisitos:<\/p>\n<ul style=\"text-align: justify;\">\n<li>Ensino Superior Completo em Marketing, Comunica\u00e7\u00e3o Social, Publicidade e Propaganda ou \u00e1reas afins.<\/li>\n<li>Viv\u00eancia pr\u00e9via em marketing, comunica\u00e7\u00e3o ou \u00e1reas correlatas.<\/li>\n<li>Experi\u00eancia em redes sociais corporativas, produ\u00e7\u00e3o de conte\u00fado e apoio em campanhas.<\/li>\n<li>Conhecimentos T\u00e9cnicos Pacote Adobe (Illustrator, Photoshop, Premiere, After Effects) ou similares.<\/li>\n<li>Conhecimento em fotografia e edi\u00e7\u00e3o de v\u00eddeos.<\/li>\n<li>Habilidade com gest\u00e3o de redes sociais (Meta Business, LinkedIn, etc.).<\/li>\n<\/ul>\n<p style=\"text-align: justify;\">Jornada de Trabalho:<\/p>\n<ul style=\"text-align: justify;\">\n<li>Segunda a Sexta Feira das 08:00 as 18:00<\/li>\n<\/ul>\n<p style=\"text-align: justify;\">Remunera\u00e7\u00e3o:<\/p>\n<ul style=\"text-align: justify;\">\n<li>Sal\u00e1rio a combinar<\/li>\n<li>Enviar a pretens\u00e3o salarial no e-mail<\/li>\n<\/ul>\n<p style=\"text-align: justify;\">Benef\u00edcios:<\/p>\n<ul style=\"text-align: justify;\">\n<li>Refei\u00e7\u00e3o no local; Vale Alimenta\u00e7\u00e3o; Assist\u00eancia Odontol\u00f3gica; Plano de sa\u00fade; Vale transporte ou estacionamento gratuito; Programa de participa\u00e7\u00e3o nos resultados; Bolsa de estudos (ap\u00f3s 1 ano e meio); Previd\u00eancia Privada (ap\u00f3s experi\u00eancia); Half Day Off no anivers\u00e1rio; Seguro de vida em grupo<\/li>\n<\/ul>\n<p style=\"text-align: justify;\">Enviar curr\u00edculo informando no assunto do e-mail a vaga de interesse para <a href=\"mailto:psicologa.vagas@gmail.com\">psicologa.vagas@gmail.com<\/a><\/p>\n","protected":false},"excerpt":{"rendered":"<p>Atividades: Ser\u00e1 respons\u00e1vel por apoiar na sele\u00e7\u00e3o e gest\u00e3o de conte\u00fados institucionais para redes sociais, garantindo alinhamento com o tom de voz da Cultura da [&#8230;]<\/p>\n","protected":false},"author":2,"featured_media":0,"comment_status":"closed","ping_status":"closed","sticky":false,"template":"","format":"standard","meta":{"footnotes":""},"categories":[26,49,80],"tags":[],"class_list":["post-45488","post","type-post","status-publish","format-standard","hentry","category-comunicacao-social","category-ensino-superior-completo","category-marketing-merchandising-propaganda"],"yoast_head":"<!-- This site is optimized with the Yoast SEO plugin v27.5 - https:\/\/yoast.com\/product\/yoast-seo-wordpress\/ -->\n<title>Analista de Marketing - Arauc\u00e1ria - PR - Vagas Paran\u00e1<\/title>\n<meta name=\"robots\" content=\"index, follow, max-snippet:-1, max-image-preview:large, max-video-preview:-1\" \/>\n<link rel=\"canonical\" href=\"https:\/\/www.vagasparana.com.br\/index.php\/2025\/10\/28\/analista-de-marketing-araucaria-pr\/\" \/>\n<meta property=\"og:locale\" content=\"pt_BR\" \/>\n<meta property=\"og:type\" content=\"article\" \/>\n<meta property=\"og:title\" content=\"Analista de Marketing - Arauc\u00e1ria - PR - Vagas Paran\u00e1\" \/>\n<meta property=\"og:description\" content=\"Atividades: Ser\u00e1 respons\u00e1vel por apoiar na sele\u00e7\u00e3o e gest\u00e3o de conte\u00fados institucionais para redes sociais, garantindo alinhamento com o tom de voz da Cultura da [...]\" \/>\n<meta property=\"og:url\" content=\"https:\/\/www.vagasparana.com.br\/index.php\/2025\/10\/28\/analista-de-marketing-araucaria-pr\/\" \/>\n<meta property=\"og:site_name\" content=\"Vagas Paran\u00e1\" \/>\n<meta property=\"article:published_time\" content=\"2025-10-28T13:00:44+00:00\" \/>\n<meta name=\"author\" content=\"Vagas Paran\u00e1\" \/>\n<meta name=\"twitter:card\" content=\"summary_large_image\" \/>\n<meta name=\"twitter:label1\" content=\"Escrito por\" \/>\n\t<meta name=\"twitter:data1\" content=\"Vagas Paran\u00e1\" \/>\n\t<meta name=\"twitter:label2\" content=\"Est. tempo de leitura\" \/>\n\t<meta name=\"twitter:data2\" content=\"2 minutos\" \/>\n<script type=\"application\/ld+json\" class=\"yoast-schema-graph\">{\"@context\":\"https:\\\/\\\/schema.org\",\"@graph\":[{\"@type\":\"Article\",\"@id\":\"https:\\\/\\\/www.vagasparana.com.br\\\/index.php\\\/2025\\\/10\\\/28\\\/analista-de-marketing-araucaria-pr\\\/#article\",\"isPartOf\":{\"@id\":\"https:\\\/\\\/www.vagasparana.com.br\\\/index.php\\\/2025\\\/10\\\/28\\\/analista-de-marketing-araucaria-pr\\\/\"},\"author\":{\"name\":\"Vagas Paran\u00e1\",\"@id\":\"https:\\\/\\\/www.vagasparana.com.br\\\/#\\\/schema\\\/person\\\/e9f1b5eee80e419283ff066c3d1bf3de\"},\"headline\":\"Analista de Marketing &#8211; Arauc\u00e1ria &#8211; PR\",\"datePublished\":\"2025-10-28T13:00:44+00:00\",\"mainEntityOfPage\":{\"@id\":\"https:\\\/\\\/www.vagasparana.com.br\\\/index.php\\\/2025\\\/10\\\/28\\\/analista-de-marketing-araucaria-pr\\\/\"},\"wordCount\":301,\"publisher\":{\"@id\":\"https:\\\/\\\/www.vagasparana.com.br\\\/#organization\"},\"articleSection\":[\"comunica\u00e7\u00e3o social\",\"ensino superior\",\"marketing e merchandising\"],\"inLanguage\":\"pt-BR\"},{\"@type\":\"WebPage\",\"@id\":\"https:\\\/\\\/www.vagasparana.com.br\\\/index.php\\\/2025\\\/10\\\/28\\\/analista-de-marketing-araucaria-pr\\\/\",\"url\":\"https:\\\/\\\/www.vagasparana.com.br\\\/index.php\\\/2025\\\/10\\\/28\\\/analista-de-marketing-araucaria-pr\\\/\",\"name\":\"Analista de Marketing - Arauc\u00e1ria - PR - Vagas Paran\u00e1\",\"isPartOf\":{\"@id\":\"https:\\\/\\\/www.vagasparana.com.br\\\/#website\"},\"datePublished\":\"2025-10-28T13:00:44+00:00\",\"breadcrumb\":{\"@id\":\"https:\\\/\\\/www.vagasparana.com.br\\\/index.php\\\/2025\\\/10\\\/28\\\/analista-de-marketing-araucaria-pr\\\/#breadcrumb\"},\"inLanguage\":\"pt-BR\",\"potentialAction\":[{\"@type\":\"ReadAction\",\"target\":[\"https:\\\/\\\/www.vagasparana.com.br\\\/index.php\\\/2025\\\/10\\\/28\\\/analista-de-marketing-araucaria-pr\\\/\"]}]},{\"@type\":\"BreadcrumbList\",\"@id\":\"https:\\\/\\\/www.vagasparana.com.br\\\/index.php\\\/2025\\\/10\\\/28\\\/analista-de-marketing-araucaria-pr\\\/#breadcrumb\",\"itemListElement\":[{\"@type\":\"ListItem\",\"position\":1,\"name\":\"Home\",\"item\":\"https:\\\/\\\/www.vagasparana.com.br\\\/\"},{\"@type\":\"ListItem\",\"position\":2,\"name\":\"Analista de Marketing &#8211; Arauc\u00e1ria &#8211; PR\"}]},{\"@type\":\"WebSite\",\"@id\":\"https:\\\/\\\/www.vagasparana.com.br\\\/#website\",\"url\":\"https:\\\/\\\/www.vagasparana.com.br\\\/\",\"name\":\"Vagas Paran\u00e1\",\"description\":\"Vagas de Emprego e Est\u00e1gio no Paran\u00e1\",\"publisher\":{\"@id\":\"https:\\\/\\\/www.vagasparana.com.br\\\/#organization\"},\"potentialAction\":[{\"@type\":\"SearchAction\",\"target\":{\"@type\":\"EntryPoint\",\"urlTemplate\":\"https:\\\/\\\/www.vagasparana.com.br\\\/?s={search_term_string}\"},\"query-input\":{\"@type\":\"PropertyValueSpecification\",\"valueRequired\":true,\"valueName\":\"search_term_string\"}}],\"inLanguage\":\"pt-BR\"},{\"@type\":\"Organization\",\"@id\":\"https:\\\/\\\/www.vagasparana.com.br\\\/#organization\",\"name\":\"Vagas Paran\u00e1\",\"url\":\"https:\\\/\\\/www.vagasparana.com.br\\\/\",\"logo\":{\"@type\":\"ImageObject\",\"inLanguage\":\"pt-BR\",\"@id\":\"https:\\\/\\\/www.vagasparana.com.br\\\/#\\\/schema\\\/logo\\\/image\\\/\",\"url\":\"https:\\\/\\\/www.vagasparana.com.br\\\/wp-content\\\/uploads\\\/2025\\\/06\\\/cropped-vpr_logo2021.jpg\",\"contentUrl\":\"https:\\\/\\\/www.vagasparana.com.br\\\/wp-content\\\/uploads\\\/2025\\\/06\\\/cropped-vpr_logo2021.jpg\",\"width\":270,\"height\":100,\"caption\":\"Vagas Paran\u00e1\"},\"image\":{\"@id\":\"https:\\\/\\\/www.vagasparana.com.br\\\/#\\\/schema\\\/logo\\\/image\\\/\"}},{\"@type\":\"Person\",\"@id\":\"https:\\\/\\\/www.vagasparana.com.br\\\/#\\\/schema\\\/person\\\/e9f1b5eee80e419283ff066c3d1bf3de\",\"name\":\"Vagas Paran\u00e1\",\"image\":{\"@type\":\"ImageObject\",\"inLanguage\":\"pt-BR\",\"@id\":\"https:\\\/\\\/secure.gravatar.com\\\/avatar\\\/e198f9393383244894b06db503be8cb43011f384a429c7a9f84f3f61c138a35e?s=96&r=g\",\"url\":\"https:\\\/\\\/secure.gravatar.com\\\/avatar\\\/e198f9393383244894b06db503be8cb43011f384a429c7a9f84f3f61c138a35e?s=96&r=g\",\"contentUrl\":\"https:\\\/\\\/secure.gravatar.com\\\/avatar\\\/e198f9393383244894b06db503be8cb43011f384a429c7a9f84f3f61c138a35e?s=96&r=g\",\"caption\":\"Vagas Paran\u00e1\"},\"url\":\"https:\\\/\\\/www.vagasparana.com.br\\\/index.php\\\/author\\\/vagasemprego\\\/\"}]}<\/script>\n<!-- \/ Yoast SEO plugin. -->","yoast_head_json":{"title":"Analista de Marketing - Arauc\u00e1ria - PR - Vagas Paran\u00e1","robots":{"index":"index","follow":"follow","max-snippet":"max-snippet:-1","max-image-preview":"max-image-preview:large","max-video-preview":"max-video-preview:-1"},"canonical":"https:\/\/www.vagasparana.com.br\/index.php\/2025\/10\/28\/analista-de-marketing-araucaria-pr\/","og_locale":"pt_BR","og_type":"article","og_title":"Analista de Marketing - Arauc\u00e1ria - PR - Vagas Paran\u00e1","og_description":"Atividades: Ser\u00e1 respons\u00e1vel por apoiar na sele\u00e7\u00e3o e gest\u00e3o de conte\u00fados institucionais para redes sociais, garantindo alinhamento com o tom de voz da Cultura da [...]","og_url":"https:\/\/www.vagasparana.com.br\/index.php\/2025\/10\/28\/analista-de-marketing-araucaria-pr\/","og_site_name":"Vagas Paran\u00e1","article_published_time":"2025-10-28T13:00:44+00:00","author":"Vagas Paran\u00e1","twitter_card":"summary_large_image","twitter_misc":{"Escrito por":"Vagas Paran\u00e1","Est. tempo de leitura":"2 minutos"},"schema":{"@context":"https:\/\/schema.org","@graph":[{"@type":"Article","@id":"https:\/\/www.vagasparana.com.br\/index.php\/2025\/10\/28\/analista-de-marketing-araucaria-pr\/#article","isPartOf":{"@id":"https:\/\/www.vagasparana.com.br\/index.php\/2025\/10\/28\/analista-de-marketing-araucaria-pr\/"},"author":{"name":"Vagas Paran\u00e1","@id":"https:\/\/www.vagasparana.com.br\/#\/schema\/person\/e9f1b5eee80e419283ff066c3d1bf3de"},"headline":"Analista de Marketing &#8211; Arauc\u00e1ria &#8211; PR","datePublished":"2025-10-28T13:00:44+00:00","mainEntityOfPage":{"@id":"https:\/\/www.vagasparana.com.br\/index.php\/2025\/10\/28\/analista-de-marketing-araucaria-pr\/"},"wordCount":301,"publisher":{"@id":"https:\/\/www.vagasparana.com.br\/#organization"},"articleSection":["comunica\u00e7\u00e3o social","ensino superior","marketing e merchandising"],"inLanguage":"pt-BR"},{"@type":"WebPage","@id":"https:\/\/www.vagasparana.com.br\/index.php\/2025\/10\/28\/analista-de-marketing-araucaria-pr\/","url":"https:\/\/www.vagasparana.com.br\/index.php\/2025\/10\/28\/analista-de-marketing-araucaria-pr\/","name":"Analista de Marketing - Arauc\u00e1ria - PR - Vagas Paran\u00e1","isPartOf":{"@id":"https:\/\/www.vagasparana.com.br\/#website"},"datePublished":"2025-10-28T13:00:44+00:00","breadcrumb":{"@id":"https:\/\/www.vagasparana.com.br\/index.php\/2025\/10\/28\/analista-de-marketing-araucaria-pr\/#breadcrumb"},"inLanguage":"pt-BR","potentialAction":[{"@type":"ReadAction","target":["https:\/\/www.vagasparana.com.br\/index.php\/2025\/10\/28\/analista-de-marketing-araucaria-pr\/"]}]},{"@type":"BreadcrumbList","@id":"https:\/\/www.vagasparana.com.br\/index.php\/2025\/10\/28\/analista-de-marketing-araucaria-pr\/#breadcrumb","itemListElement":[{"@type":"ListItem","position":1,"name":"Home","item":"https:\/\/www.vagasparana.com.br\/"},{"@type":"ListItem","position":2,"name":"Analista de Marketing &#8211; Arauc\u00e1ria &#8211; PR"}]},{"@type":"WebSite","@id":"https:\/\/www.vagasparana.com.br\/#website","url":"https:\/\/www.vagasparana.com.br\/","name":"Vagas Paran\u00e1","description":"Vagas de Emprego e Est\u00e1gio no Paran\u00e1","publisher":{"@id":"https:\/\/www.vagasparana.com.br\/#organization"},"potentialAction":[{"@type":"SearchAction","target":{"@type":"EntryPoint","urlTemplate":"https:\/\/www.vagasparana.com.br\/?s={search_term_string}"},"query-input":{"@type":"PropertyValueSpecification","valueRequired":true,"valueName":"search_term_string"}}],"inLanguage":"pt-BR"},{"@type":"Organization","@id":"https:\/\/www.vagasparana.com.br\/#organization","name":"Vagas Paran\u00e1","url":"https:\/\/www.vagasparana.com.br\/","logo":{"@type":"ImageObject","inLanguage":"pt-BR","@id":"https:\/\/www.vagasparana.com.br\/#\/schema\/logo\/image\/","url":"https:\/\/www.vagasparana.com.br\/wp-content\/uploads\/2025\/06\/cropped-vpr_logo2021.jpg","contentUrl":"https:\/\/www.vagasparana.com.br\/wp-content\/uploads\/2025\/06\/cropped-vpr_logo2021.jpg","width":270,"height":100,"caption":"Vagas Paran\u00e1"},"image":{"@id":"https:\/\/www.vagasparana.com.br\/#\/schema\/logo\/image\/"}},{"@type":"Person","@id":"https:\/\/www.vagasparana.com.br\/#\/schema\/person\/e9f1b5eee80e419283ff066c3d1bf3de","name":"Vagas Paran\u00e1","image":{"@type":"ImageObject","inLanguage":"pt-BR","@id":"https:\/\/secure.gravatar.com\/avatar\/e198f9393383244894b06db503be8cb43011f384a429c7a9f84f3f61c138a35e?s=96&r=g","url":"https:\/\/secure.gravatar.com\/avatar\/e198f9393383244894b06db503be8cb43011f384a429c7a9f84f3f61c138a35e?s=96&r=g","contentUrl":"https:\/\/secure.gravatar.com\/avatar\/e198f9393383244894b06db503be8cb43011f384a429c7a9f84f3f61c138a35e?s=96&r=g","caption":"Vagas Paran\u00e1"},"url":"https:\/\/www.vagasparana.com.br\/index.php\/author\/vagasemprego\/"}]}},"_links":{"self":[{"href":"https:\/\/www.vagasparana.com.br\/index.php\/wp-json\/wp\/v2\/posts\/45488","targetHints":{"allow":["GET"]}}],"collection":[{"href":"https:\/\/www.vagasparana.com.br\/index.php\/wp-json\/wp\/v2\/posts"}],"about":[{"href":"https:\/\/www.vagasparana.com.br\/index.php\/wp-json\/wp\/v2\/types\/post"}],"author":[{"embeddable":true,"href":"https:\/\/www.vagasparana.com.br\/index.php\/wp-json\/wp\/v2\/users\/2"}],"replies":[{"embeddable":true,"href":"https:\/\/www.vagasparana.com.br\/index.php\/wp-json\/wp\/v2\/comments?post=45488"}],"version-history":[{"count":1,"href":"https:\/\/www.vagasparana.com.br\/index.php\/wp-json\/wp\/v2\/posts\/45488\/revisions"}],"predecessor-version":[{"id":45489,"href":"https:\/\/www.vagasparana.com.br\/index.php\/wp-json\/wp\/v2\/posts\/45488\/revisions\/45489"}],"wp:attachment":[{"href":"https:\/\/www.vagasparana.com.br\/index.php\/wp-json\/wp\/v2\/media?parent=45488"}],"wp:term":[{"taxonomy":"category","embeddable":true,"href":"https:\/\/www.vagasparana.com.br\/index.php\/wp-json\/wp\/v2\/categories?post=45488"},{"taxonomy":"post_tag","embeddable":true,"href":"https:\/\/www.vagasparana.com.br\/index.php\/wp-json\/wp\/v2\/tags?post=45488"}],"curies":[{"name":"wp","href":"https:\/\/api.w.org\/{rel}","templated":true}]}}