{"id":46345,"date":"2026-03-11T10:00:38","date_gmt":"2026-03-11T13:00:38","guid":{"rendered":"https:\/\/www.vagasparana.com.br\/?p=46345"},"modified":"2026-03-10T15:23:51","modified_gmt":"2026-03-10T18:23:51","slug":"auxiliar-de-logistica-maringa-pr-3","status":"publish","type":"post","link":"https:\/\/www.vagasparana.com.br\/index.php\/2026\/03\/11\/auxiliar-de-logistica-maringa-pr-3\/","title":{"rendered":"Auxiliar de Log\u00edstica &#8211; Maring\u00e1 &#8211; PR"},"content":{"rendered":"<p style=\"text-align: justify;\">Atividades:<\/p>\n<ul style=\"text-align: justify;\">\n<li>Ser\u00e1 respons\u00e1vel por atuar como elo entre o Centro de Distribui\u00e7\u00e3o (CD), setor Comercial e as Lojas, garantindo alinhamento de informa\u00e7\u00f5es, acompanhamento de entregas de mercadorias e prazos. Atua de forma anal\u00edtica e administrativa, assegurando fluidez nos processos e apoiando a tomada de decis\u00e3o por meio de controles e relat\u00f3rios.<\/li>\n<li>\u00a0Atuar como ponto focal entre CD, Comercial e Lojas para tratativas operacionais e administrativas.<\/li>\n<li>\u00a0Acompanhar status de entregas de mercadoria e transfer\u00eancias (CIF\/FOB)<\/li>\n<li>\u00a0Conferir e validar informa\u00e7\u00f5es sist\u00eamicas (ERP\/WMS)<\/li>\n<li>\u00a0Elaborar e atualizar relat\u00f3rios de performance log\u00edstica (Lead Time, Custo de Frete, entre outros)<\/li>\n<li>\u00a0Apoiar na resolu\u00e7\u00e3o de diverg\u00eancias de pedidos, faturamento e entregas.<\/li>\n<li>\u00a0Garantir alinhamento da comunica\u00e7\u00e3o de prazos e prioridades entre as \u00e1reas.<\/li>\n<li>\u00a0Apoiar de demais controles e rotinas administrativas conforme demandado.<\/li>\n<\/ul>\n<p style=\"text-align: justify;\">Requisitos:<\/p>\n<ul style=\"text-align: justify;\">\n<li>Ensino m\u00e9dio completo<\/li>\n<li>Desej\u00e1vel: Estar cursando ou ser formado em Log\u00edstica, Administra\u00e7\u00e3o, Engenharia de Produ\u00e7\u00e3o ou \u00e1reas correlatas; Conhecimento e\/ou experi\u00eancia com CT-e e MDF-e;<\/li>\n<li>Excel avan\u00e7ado.<\/li>\n<\/ul>\n<p style=\"text-align: justify;\">Jornada de Trabalho:<\/p>\n<ul style=\"text-align: justify;\">\n<li>Segunda a Sexta Feira das 08:00 \u00e0s 18:00<\/li>\n<\/ul>\n<p style=\"text-align: justify;\">Sal\u00e1rio:<\/p>\n<ul style=\"text-align: justify;\">\n<li>R$ 2.043,00<\/li>\n<\/ul>\n<p style=\"text-align: justify;\">Benef\u00edcios:<\/p>\n<ul style=\"text-align: justify;\">\n<li>\u00a0Vale alimenta\u00e7\u00e3o (RS28,00 por dia trabalhado);<\/li>\n<li>\u00a0Assiduidade R$ 120,00;<\/li>\n<li>\u00a0Plano odontol\u00f3gico;<\/li>\n<li>\u00a0Parceria com Faculdades;<\/li>\n<li>\u00a0Parceria com SESC;<\/li>\n<li>\u00a0Vale transporte.<\/li>\n<\/ul>\n<p style=\"text-align: justify;\">Data m\u00e1xima para envio de curr\u00edculos: 06-04-2026<\/p>\n<p style=\"text-align: justify;\">Enviar curr\u00edculo informando no assunto do e-mail a vaga de interesse para <a href=\"mailto:rh7@ffprestadora.com.br\">rh7@ffprestadora.com.br<\/a><\/p>\n","protected":false},"excerpt":{"rendered":"<p>Atividades: Ser\u00e1 respons\u00e1vel por atuar como elo entre o Centro de Distribui\u00e7\u00e3o (CD), setor Comercial e as Lojas, garantindo alinhamento de informa\u00e7\u00f5es, acompanhamento de entregas [&#8230;]<\/p>\n","protected":false},"author":2,"featured_media":0,"comment_status":"closed","ping_status":"closed","sticky":false,"template":"","format":"standard","meta":{"footnotes":""},"categories":[47,76],"tags":[],"class_list":["post-46345","post","type-post","status-publish","format-standard","hentry","category-ensino-medio-completo","category-logistica-distribuicao"],"yoast_head":"<!-- This site is optimized with the Yoast SEO plugin v27.5 - https:\/\/yoast.com\/product\/yoast-seo-wordpress\/ -->\n<title>Auxiliar de Log\u00edstica - Maring\u00e1 - PR - Vagas Paran\u00e1<\/title>\n<meta name=\"robots\" content=\"index, follow, max-snippet:-1, max-image-preview:large, max-video-preview:-1\" \/>\n<link rel=\"canonical\" href=\"https:\/\/www.vagasparana.com.br\/index.php\/2026\/03\/11\/auxiliar-de-logistica-maringa-pr-3\/\" \/>\n<meta property=\"og:locale\" content=\"pt_BR\" \/>\n<meta property=\"og:type\" content=\"article\" \/>\n<meta property=\"og:title\" content=\"Auxiliar de Log\u00edstica - Maring\u00e1 - PR - Vagas Paran\u00e1\" \/>\n<meta property=\"og:description\" content=\"Atividades: Ser\u00e1 respons\u00e1vel por atuar como elo entre o Centro de Distribui\u00e7\u00e3o (CD), setor Comercial e as Lojas, garantindo alinhamento de informa\u00e7\u00f5es, acompanhamento de entregas [...]\" \/>\n<meta property=\"og:url\" content=\"https:\/\/www.vagasparana.com.br\/index.php\/2026\/03\/11\/auxiliar-de-logistica-maringa-pr-3\/\" \/>\n<meta property=\"og:site_name\" content=\"Vagas Paran\u00e1\" \/>\n<meta property=\"article:published_time\" content=\"2026-03-11T13:00:38+00:00\" \/>\n<meta name=\"author\" content=\"Vagas Paran\u00e1\" \/>\n<meta name=\"twitter:card\" content=\"summary_large_image\" \/>\n<meta name=\"twitter:label1\" content=\"Escrito por\" \/>\n\t<meta name=\"twitter:data1\" content=\"Vagas Paran\u00e1\" \/>\n\t<meta name=\"twitter:label2\" content=\"Est. tempo de leitura\" \/>\n\t<meta name=\"twitter:data2\" content=\"2 minutos\" \/>\n<script type=\"application\/ld+json\" class=\"yoast-schema-graph\">{\"@context\":\"https:\\\/\\\/schema.org\",\"@graph\":[{\"@type\":\"Article\",\"@id\":\"https:\\\/\\\/www.vagasparana.com.br\\\/index.php\\\/2026\\\/03\\\/11\\\/auxiliar-de-logistica-maringa-pr-3\\\/#article\",\"isPartOf\":{\"@id\":\"https:\\\/\\\/www.vagasparana.com.br\\\/index.php\\\/2026\\\/03\\\/11\\\/auxiliar-de-logistica-maringa-pr-3\\\/\"},\"author\":{\"name\":\"Vagas Paran\u00e1\",\"@id\":\"https:\\\/\\\/www.vagasparana.com.br\\\/#\\\/schema\\\/person\\\/e9f1b5eee80e419283ff066c3d1bf3de\"},\"headline\":\"Auxiliar de Log\u00edstica &#8211; Maring\u00e1 &#8211; PR\",\"datePublished\":\"2026-03-11T13:00:38+00:00\",\"mainEntityOfPage\":{\"@id\":\"https:\\\/\\\/www.vagasparana.com.br\\\/index.php\\\/2026\\\/03\\\/11\\\/auxiliar-de-logistica-maringa-pr-3\\\/\"},\"wordCount\":245,\"publisher\":{\"@id\":\"https:\\\/\\\/www.vagasparana.com.br\\\/#organization\"},\"articleSection\":[\"ensino m\u00e9dio\",\"log\u00edstica \\\/ distribui\u00e7\u00e3o\"],\"inLanguage\":\"pt-BR\"},{\"@type\":\"WebPage\",\"@id\":\"https:\\\/\\\/www.vagasparana.com.br\\\/index.php\\\/2026\\\/03\\\/11\\\/auxiliar-de-logistica-maringa-pr-3\\\/\",\"url\":\"https:\\\/\\\/www.vagasparana.com.br\\\/index.php\\\/2026\\\/03\\\/11\\\/auxiliar-de-logistica-maringa-pr-3\\\/\",\"name\":\"Auxiliar de Log\u00edstica - Maring\u00e1 - PR - Vagas Paran\u00e1\",\"isPartOf\":{\"@id\":\"https:\\\/\\\/www.vagasparana.com.br\\\/#website\"},\"datePublished\":\"2026-03-11T13:00:38+00:00\",\"breadcrumb\":{\"@id\":\"https:\\\/\\\/www.vagasparana.com.br\\\/index.php\\\/2026\\\/03\\\/11\\\/auxiliar-de-logistica-maringa-pr-3\\\/#breadcrumb\"},\"inLanguage\":\"pt-BR\",\"potentialAction\":[{\"@type\":\"ReadAction\",\"target\":[\"https:\\\/\\\/www.vagasparana.com.br\\\/index.php\\\/2026\\\/03\\\/11\\\/auxiliar-de-logistica-maringa-pr-3\\\/\"]}]},{\"@type\":\"BreadcrumbList\",\"@id\":\"https:\\\/\\\/www.vagasparana.com.br\\\/index.php\\\/2026\\\/03\\\/11\\\/auxiliar-de-logistica-maringa-pr-3\\\/#breadcrumb\",\"itemListElement\":[{\"@type\":\"ListItem\",\"position\":1,\"name\":\"Home\",\"item\":\"https:\\\/\\\/www.vagasparana.com.br\\\/\"},{\"@type\":\"ListItem\",\"position\":2,\"name\":\"Auxiliar de Log\u00edstica &#8211; Maring\u00e1 &#8211; PR\"}]},{\"@type\":\"WebSite\",\"@id\":\"https:\\\/\\\/www.vagasparana.com.br\\\/#website\",\"url\":\"https:\\\/\\\/www.vagasparana.com.br\\\/\",\"name\":\"Vagas Paran\u00e1\",\"description\":\"Vagas de Emprego e Est\u00e1gio no Paran\u00e1\",\"publisher\":{\"@id\":\"https:\\\/\\\/www.vagasparana.com.br\\\/#organization\"},\"potentialAction\":[{\"@type\":\"SearchAction\",\"target\":{\"@type\":\"EntryPoint\",\"urlTemplate\":\"https:\\\/\\\/www.vagasparana.com.br\\\/?s={search_term_string}\"},\"query-input\":{\"@type\":\"PropertyValueSpecification\",\"valueRequired\":true,\"valueName\":\"search_term_string\"}}],\"inLanguage\":\"pt-BR\"},{\"@type\":\"Organization\",\"@id\":\"https:\\\/\\\/www.vagasparana.com.br\\\/#organization\",\"name\":\"Vagas Paran\u00e1\",\"url\":\"https:\\\/\\\/www.vagasparana.com.br\\\/\",\"logo\":{\"@type\":\"ImageObject\",\"inLanguage\":\"pt-BR\",\"@id\":\"https:\\\/\\\/www.vagasparana.com.br\\\/#\\\/schema\\\/logo\\\/image\\\/\",\"url\":\"https:\\\/\\\/www.vagasparana.com.br\\\/wp-content\\\/uploads\\\/2025\\\/06\\\/cropped-vpr_logo2021.jpg\",\"contentUrl\":\"https:\\\/\\\/www.vagasparana.com.br\\\/wp-content\\\/uploads\\\/2025\\\/06\\\/cropped-vpr_logo2021.jpg\",\"width\":270,\"height\":100,\"caption\":\"Vagas Paran\u00e1\"},\"image\":{\"@id\":\"https:\\\/\\\/www.vagasparana.com.br\\\/#\\\/schema\\\/logo\\\/image\\\/\"}},{\"@type\":\"Person\",\"@id\":\"https:\\\/\\\/www.vagasparana.com.br\\\/#\\\/schema\\\/person\\\/e9f1b5eee80e419283ff066c3d1bf3de\",\"name\":\"Vagas Paran\u00e1\",\"image\":{\"@type\":\"ImageObject\",\"inLanguage\":\"pt-BR\",\"@id\":\"https:\\\/\\\/secure.gravatar.com\\\/avatar\\\/e198f9393383244894b06db503be8cb43011f384a429c7a9f84f3f61c138a35e?s=96&r=g\",\"url\":\"https:\\\/\\\/secure.gravatar.com\\\/avatar\\\/e198f9393383244894b06db503be8cb43011f384a429c7a9f84f3f61c138a35e?s=96&r=g\",\"contentUrl\":\"https:\\\/\\\/secure.gravatar.com\\\/avatar\\\/e198f9393383244894b06db503be8cb43011f384a429c7a9f84f3f61c138a35e?s=96&r=g\",\"caption\":\"Vagas Paran\u00e1\"},\"url\":\"https:\\\/\\\/www.vagasparana.com.br\\\/index.php\\\/author\\\/vagasemprego\\\/\"}]}<\/script>\n<!-- \/ Yoast SEO plugin. -->","yoast_head_json":{"title":"Auxiliar de Log\u00edstica - Maring\u00e1 - PR - Vagas Paran\u00e1","robots":{"index":"index","follow":"follow","max-snippet":"max-snippet:-1","max-image-preview":"max-image-preview:large","max-video-preview":"max-video-preview:-1"},"canonical":"https:\/\/www.vagasparana.com.br\/index.php\/2026\/03\/11\/auxiliar-de-logistica-maringa-pr-3\/","og_locale":"pt_BR","og_type":"article","og_title":"Auxiliar de Log\u00edstica - Maring\u00e1 - PR - Vagas Paran\u00e1","og_description":"Atividades: Ser\u00e1 respons\u00e1vel por atuar como elo entre o Centro de Distribui\u00e7\u00e3o (CD), setor Comercial e as Lojas, garantindo alinhamento de informa\u00e7\u00f5es, acompanhamento de entregas [...]","og_url":"https:\/\/www.vagasparana.com.br\/index.php\/2026\/03\/11\/auxiliar-de-logistica-maringa-pr-3\/","og_site_name":"Vagas Paran\u00e1","article_published_time":"2026-03-11T13:00:38+00:00","author":"Vagas Paran\u00e1","twitter_card":"summary_large_image","twitter_misc":{"Escrito por":"Vagas Paran\u00e1","Est. tempo de leitura":"2 minutos"},"schema":{"@context":"https:\/\/schema.org","@graph":[{"@type":"Article","@id":"https:\/\/www.vagasparana.com.br\/index.php\/2026\/03\/11\/auxiliar-de-logistica-maringa-pr-3\/#article","isPartOf":{"@id":"https:\/\/www.vagasparana.com.br\/index.php\/2026\/03\/11\/auxiliar-de-logistica-maringa-pr-3\/"},"author":{"name":"Vagas Paran\u00e1","@id":"https:\/\/www.vagasparana.com.br\/#\/schema\/person\/e9f1b5eee80e419283ff066c3d1bf3de"},"headline":"Auxiliar de Log\u00edstica &#8211; Maring\u00e1 &#8211; PR","datePublished":"2026-03-11T13:00:38+00:00","mainEntityOfPage":{"@id":"https:\/\/www.vagasparana.com.br\/index.php\/2026\/03\/11\/auxiliar-de-logistica-maringa-pr-3\/"},"wordCount":245,"publisher":{"@id":"https:\/\/www.vagasparana.com.br\/#organization"},"articleSection":["ensino m\u00e9dio","log\u00edstica \/ distribui\u00e7\u00e3o"],"inLanguage":"pt-BR"},{"@type":"WebPage","@id":"https:\/\/www.vagasparana.com.br\/index.php\/2026\/03\/11\/auxiliar-de-logistica-maringa-pr-3\/","url":"https:\/\/www.vagasparana.com.br\/index.php\/2026\/03\/11\/auxiliar-de-logistica-maringa-pr-3\/","name":"Auxiliar de Log\u00edstica - Maring\u00e1 - PR - Vagas Paran\u00e1","isPartOf":{"@id":"https:\/\/www.vagasparana.com.br\/#website"},"datePublished":"2026-03-11T13:00:38+00:00","breadcrumb":{"@id":"https:\/\/www.vagasparana.com.br\/index.php\/2026\/03\/11\/auxiliar-de-logistica-maringa-pr-3\/#breadcrumb"},"inLanguage":"pt-BR","potentialAction":[{"@type":"ReadAction","target":["https:\/\/www.vagasparana.com.br\/index.php\/2026\/03\/11\/auxiliar-de-logistica-maringa-pr-3\/"]}]},{"@type":"BreadcrumbList","@id":"https:\/\/www.vagasparana.com.br\/index.php\/2026\/03\/11\/auxiliar-de-logistica-maringa-pr-3\/#breadcrumb","itemListElement":[{"@type":"ListItem","position":1,"name":"Home","item":"https:\/\/www.vagasparana.com.br\/"},{"@type":"ListItem","position":2,"name":"Auxiliar de Log\u00edstica &#8211; Maring\u00e1 &#8211; PR"}]},{"@type":"WebSite","@id":"https:\/\/www.vagasparana.com.br\/#website","url":"https:\/\/www.vagasparana.com.br\/","name":"Vagas Paran\u00e1","description":"Vagas de Emprego e Est\u00e1gio no Paran\u00e1","publisher":{"@id":"https:\/\/www.vagasparana.com.br\/#organization"},"potentialAction":[{"@type":"SearchAction","target":{"@type":"EntryPoint","urlTemplate":"https:\/\/www.vagasparana.com.br\/?s={search_term_string}"},"query-input":{"@type":"PropertyValueSpecification","valueRequired":true,"valueName":"search_term_string"}}],"inLanguage":"pt-BR"},{"@type":"Organization","@id":"https:\/\/www.vagasparana.com.br\/#organization","name":"Vagas Paran\u00e1","url":"https:\/\/www.vagasparana.com.br\/","logo":{"@type":"ImageObject","inLanguage":"pt-BR","@id":"https:\/\/www.vagasparana.com.br\/#\/schema\/logo\/image\/","url":"https:\/\/www.vagasparana.com.br\/wp-content\/uploads\/2025\/06\/cropped-vpr_logo2021.jpg","contentUrl":"https:\/\/www.vagasparana.com.br\/wp-content\/uploads\/2025\/06\/cropped-vpr_logo2021.jpg","width":270,"height":100,"caption":"Vagas Paran\u00e1"},"image":{"@id":"https:\/\/www.vagasparana.com.br\/#\/schema\/logo\/image\/"}},{"@type":"Person","@id":"https:\/\/www.vagasparana.com.br\/#\/schema\/person\/e9f1b5eee80e419283ff066c3d1bf3de","name":"Vagas Paran\u00e1","image":{"@type":"ImageObject","inLanguage":"pt-BR","@id":"https:\/\/secure.gravatar.com\/avatar\/e198f9393383244894b06db503be8cb43011f384a429c7a9f84f3f61c138a35e?s=96&r=g","url":"https:\/\/secure.gravatar.com\/avatar\/e198f9393383244894b06db503be8cb43011f384a429c7a9f84f3f61c138a35e?s=96&r=g","contentUrl":"https:\/\/secure.gravatar.com\/avatar\/e198f9393383244894b06db503be8cb43011f384a429c7a9f84f3f61c138a35e?s=96&r=g","caption":"Vagas Paran\u00e1"},"url":"https:\/\/www.vagasparana.com.br\/index.php\/author\/vagasemprego\/"}]}},"_links":{"self":[{"href":"https:\/\/www.vagasparana.com.br\/index.php\/wp-json\/wp\/v2\/posts\/46345","targetHints":{"allow":["GET"]}}],"collection":[{"href":"https:\/\/www.vagasparana.com.br\/index.php\/wp-json\/wp\/v2\/posts"}],"about":[{"href":"https:\/\/www.vagasparana.com.br\/index.php\/wp-json\/wp\/v2\/types\/post"}],"author":[{"embeddable":true,"href":"https:\/\/www.vagasparana.com.br\/index.php\/wp-json\/wp\/v2\/users\/2"}],"replies":[{"embeddable":true,"href":"https:\/\/www.vagasparana.com.br\/index.php\/wp-json\/wp\/v2\/comments?post=46345"}],"version-history":[{"count":2,"href":"https:\/\/www.vagasparana.com.br\/index.php\/wp-json\/wp\/v2\/posts\/46345\/revisions"}],"predecessor-version":[{"id":46349,"href":"https:\/\/www.vagasparana.com.br\/index.php\/wp-json\/wp\/v2\/posts\/46345\/revisions\/46349"}],"wp:attachment":[{"href":"https:\/\/www.vagasparana.com.br\/index.php\/wp-json\/wp\/v2\/media?parent=46345"}],"wp:term":[{"taxonomy":"category","embeddable":true,"href":"https:\/\/www.vagasparana.com.br\/index.php\/wp-json\/wp\/v2\/categories?post=46345"},{"taxonomy":"post_tag","embeddable":true,"href":"https:\/\/www.vagasparana.com.br\/index.php\/wp-json\/wp\/v2\/tags?post=46345"}],"curies":[{"name":"wp","href":"https:\/\/api.w.org\/{rel}","templated":true}]}}