{"id":46354,"date":"2026-03-11T14:00:38","date_gmt":"2026-03-11T17:00:38","guid":{"rendered":"https:\/\/www.vagasparana.com.br\/?p=46354"},"modified":"2026-03-10T15:36:05","modified_gmt":"2026-03-10T18:36:05","slug":"auxiliar-de-departamento-pessoal-controle-de-ponto-maringa-pr","status":"publish","type":"post","link":"https:\/\/www.vagasparana.com.br\/index.php\/2026\/03\/11\/auxiliar-de-departamento-pessoal-controle-de-ponto-maringa-pr\/","title":{"rendered":"Auxiliar de Departamento Pessoal &#8211; Controle de Ponto &#8211; Maring\u00e1 &#8211; PR"},"content":{"rendered":"<p style=\"text-align: justify;\">Atribui\u00e7\u00f5es:<\/p>\n<ul style=\"text-align: justify;\">\n<li>Estamos em busca de um profissional com dom\u00ednio t\u00e9cnico para atuar no controle e fechamento de ponto eletr\u00f4nico, garantindo a conformidade das informa\u00e7\u00f5es para a correta elabora\u00e7\u00e3o da folha de pagamento e o cumprimento da legisla\u00e7\u00e3o trabalhista.<\/li>\n<\/ul>\n<p style=\"text-align: justify;\">Atividades:<\/p>\n<ul style=\"text-align: justify;\">\n<li>Realizar o controle e confer\u00eancia do ponto eletr\u00f4nico dos colaboradores, identificando e reportando inconsist\u00eancias;<\/li>\n<li>Acompanhar diariamente a conex\u00e3o e o funcionamento dos rel\u00f3gios de ponto (REP Registrador Eletr\u00f4nico de Ponto) com a central;<\/li>\n<li>Efetuar lan\u00e7amentos e ajustes de justificativas (inclus\u00e3o e exclus\u00e3o de hor\u00e1rios);<\/li>\n<li>Avaliar atestados m\u00e9dicos, conferindo o correto registro de CID no sistema;<\/li>\n<li>Acompanhar e lan\u00e7ar exames ocupacionais, CATs e comunicados de decis\u00e3o no sistema de ponto;<\/li>\n<li>Garantir o fechamento mensal do ponto, orientando as unidades quanto aos prazos e solicitando documenta\u00e7\u00f5es necess\u00e1rias;<\/li>\n<li>Realizar a importa\u00e7\u00e3o e confer\u00eancia das horas para a folha de pagamento, validando loja a loja horas extras, faltas e adicionais;<\/li>\n<\/ul>\n<p style=\"text-align: justify;\">Requisitos:<\/p>\n<ul>\n<li>Ensino m\u00e9dio completo (Desej\u00e1vel estar cursando ensino superior)<\/li>\n<li>Conhecimento no sistema S\u00eanior<\/li>\n<li>Conhecimento em Legisla\u00e7\u00e3o Trabalhista<\/li>\n<\/ul>\n<p style=\"text-align: justify;\">Jornada de Trabalho:<\/p>\n<ul style=\"text-align: justify;\">\n<li>Segunda a Sexta feira das 08:00 \u00e0s 18:00<\/li>\n<\/ul>\n<p style=\"text-align: justify;\">Sal\u00e1rio:<\/p>\n<ul style=\"text-align: justify;\">\n<li>R$ 2.043,00<\/li>\n<\/ul>\n<p style=\"text-align: justify;\">Benef\u00edcios:<\/p>\n<ul style=\"text-align: justify;\">\n<li>\u00a0Vale alimenta\u00e7\u00e3o (RS28,00 por dia trabalhado);<\/li>\n<li>\u00a0Assiduidade R$ 120,00;<\/li>\n<li>\u00a0Plano odontol\u00f3gico;<\/li>\n<li>\u00a0Parceria com Faculdades;<\/li>\n<li>\u00a0Parceria com SESC;<\/li>\n<li>\u00a0Vale transporte.<\/li>\n<\/ul>\n<p style=\"text-align: justify;\">Data m\u00e1xima para envio de curr\u00edculos: 06-04-2026<\/p>\n<p style=\"text-align: justify;\">Enviar curr\u00edculo informando no assunto do e-mail a vaga de interesse para<a href=\"mailto:rh7@ffprestadora.com.br\"> rh7@ffprestadora.com.br<\/a><\/p>\n","protected":false},"excerpt":{"rendered":"<p>Atribui\u00e7\u00f5es: Estamos em busca de um profissional com dom\u00ednio t\u00e9cnico para atuar no controle e fechamento de ponto eletr\u00f4nico, garantindo a conformidade das informa\u00e7\u00f5es para [&#8230;]<\/p>\n","protected":false},"author":2,"featured_media":0,"comment_status":"closed","ping_status":"closed","sticky":false,"template":"","format":"standard","meta":{"footnotes":""},"categories":[47,50,101],"tags":[],"class_list":["post-46354","post","type-post","status-publish","format-standard","hentry","category-ensino-medio-completo","category-ensino-superior-em-andamento-incompleto","category-rh-dp-pessoal"],"yoast_head":"<!-- This site is optimized with the Yoast SEO plugin v27.5 - https:\/\/yoast.com\/product\/yoast-seo-wordpress\/ -->\n<title>Auxiliar de Departamento Pessoal - Controle de Ponto - Maring\u00e1 - PR - Vagas Paran\u00e1<\/title>\n<meta name=\"robots\" content=\"index, follow, max-snippet:-1, max-image-preview:large, max-video-preview:-1\" \/>\n<link rel=\"canonical\" href=\"https:\/\/www.vagasparana.com.br\/index.php\/2026\/03\/11\/auxiliar-de-departamento-pessoal-controle-de-ponto-maringa-pr\/\" \/>\n<meta property=\"og:locale\" content=\"pt_BR\" \/>\n<meta property=\"og:type\" content=\"article\" \/>\n<meta property=\"og:title\" content=\"Auxiliar de Departamento Pessoal - Controle de Ponto - Maring\u00e1 - PR - Vagas Paran\u00e1\" \/>\n<meta property=\"og:description\" content=\"Atribui\u00e7\u00f5es: Estamos em busca de um profissional com dom\u00ednio t\u00e9cnico para atuar no controle e fechamento de ponto eletr\u00f4nico, garantindo a conformidade das informa\u00e7\u00f5es para [...]\" \/>\n<meta property=\"og:url\" content=\"https:\/\/www.vagasparana.com.br\/index.php\/2026\/03\/11\/auxiliar-de-departamento-pessoal-controle-de-ponto-maringa-pr\/\" \/>\n<meta property=\"og:site_name\" content=\"Vagas Paran\u00e1\" \/>\n<meta property=\"article:published_time\" content=\"2026-03-11T17:00:38+00:00\" \/>\n<meta name=\"author\" content=\"Vagas Paran\u00e1\" \/>\n<meta name=\"twitter:card\" content=\"summary_large_image\" \/>\n<meta name=\"twitter:label1\" content=\"Escrito por\" \/>\n\t<meta name=\"twitter:data1\" content=\"Vagas Paran\u00e1\" \/>\n\t<meta name=\"twitter:label2\" content=\"Est. tempo de leitura\" \/>\n\t<meta name=\"twitter:data2\" content=\"2 minutos\" \/>\n<script type=\"application\/ld+json\" class=\"yoast-schema-graph\">{\"@context\":\"https:\\\/\\\/schema.org\",\"@graph\":[{\"@type\":\"Article\",\"@id\":\"https:\\\/\\\/www.vagasparana.com.br\\\/index.php\\\/2026\\\/03\\\/11\\\/auxiliar-de-departamento-pessoal-controle-de-ponto-maringa-pr\\\/#article\",\"isPartOf\":{\"@id\":\"https:\\\/\\\/www.vagasparana.com.br\\\/index.php\\\/2026\\\/03\\\/11\\\/auxiliar-de-departamento-pessoal-controle-de-ponto-maringa-pr\\\/\"},\"author\":{\"name\":\"Vagas Paran\u00e1\",\"@id\":\"https:\\\/\\\/www.vagasparana.com.br\\\/#\\\/schema\\\/person\\\/e9f1b5eee80e419283ff066c3d1bf3de\"},\"headline\":\"Auxiliar de Departamento Pessoal &#8211; Controle de Ponto &#8211; Maring\u00e1 &#8211; PR\",\"datePublished\":\"2026-03-11T17:00:38+00:00\",\"mainEntityOfPage\":{\"@id\":\"https:\\\/\\\/www.vagasparana.com.br\\\/index.php\\\/2026\\\/03\\\/11\\\/auxiliar-de-departamento-pessoal-controle-de-ponto-maringa-pr\\\/\"},\"wordCount\":263,\"publisher\":{\"@id\":\"https:\\\/\\\/www.vagasparana.com.br\\\/#organization\"},\"articleSection\":[\"ensino m\u00e9dio\",\"ensino superior incompleto\",\"RH \\\/ DP\"],\"inLanguage\":\"pt-BR\"},{\"@type\":\"WebPage\",\"@id\":\"https:\\\/\\\/www.vagasparana.com.br\\\/index.php\\\/2026\\\/03\\\/11\\\/auxiliar-de-departamento-pessoal-controle-de-ponto-maringa-pr\\\/\",\"url\":\"https:\\\/\\\/www.vagasparana.com.br\\\/index.php\\\/2026\\\/03\\\/11\\\/auxiliar-de-departamento-pessoal-controle-de-ponto-maringa-pr\\\/\",\"name\":\"Auxiliar de Departamento Pessoal - Controle de Ponto - Maring\u00e1 - PR - Vagas Paran\u00e1\",\"isPartOf\":{\"@id\":\"https:\\\/\\\/www.vagasparana.com.br\\\/#website\"},\"datePublished\":\"2026-03-11T17:00:38+00:00\",\"breadcrumb\":{\"@id\":\"https:\\\/\\\/www.vagasparana.com.br\\\/index.php\\\/2026\\\/03\\\/11\\\/auxiliar-de-departamento-pessoal-controle-de-ponto-maringa-pr\\\/#breadcrumb\"},\"inLanguage\":\"pt-BR\",\"potentialAction\":[{\"@type\":\"ReadAction\",\"target\":[\"https:\\\/\\\/www.vagasparana.com.br\\\/index.php\\\/2026\\\/03\\\/11\\\/auxiliar-de-departamento-pessoal-controle-de-ponto-maringa-pr\\\/\"]}]},{\"@type\":\"BreadcrumbList\",\"@id\":\"https:\\\/\\\/www.vagasparana.com.br\\\/index.php\\\/2026\\\/03\\\/11\\\/auxiliar-de-departamento-pessoal-controle-de-ponto-maringa-pr\\\/#breadcrumb\",\"itemListElement\":[{\"@type\":\"ListItem\",\"position\":1,\"name\":\"Home\",\"item\":\"https:\\\/\\\/www.vagasparana.com.br\\\/\"},{\"@type\":\"ListItem\",\"position\":2,\"name\":\"Auxiliar de Departamento Pessoal &#8211; Controle de Ponto &#8211; Maring\u00e1 &#8211; PR\"}]},{\"@type\":\"WebSite\",\"@id\":\"https:\\\/\\\/www.vagasparana.com.br\\\/#website\",\"url\":\"https:\\\/\\\/www.vagasparana.com.br\\\/\",\"name\":\"Vagas Paran\u00e1\",\"description\":\"Vagas de Emprego e Est\u00e1gio no Paran\u00e1\",\"publisher\":{\"@id\":\"https:\\\/\\\/www.vagasparana.com.br\\\/#organization\"},\"potentialAction\":[{\"@type\":\"SearchAction\",\"target\":{\"@type\":\"EntryPoint\",\"urlTemplate\":\"https:\\\/\\\/www.vagasparana.com.br\\\/?s={search_term_string}\"},\"query-input\":{\"@type\":\"PropertyValueSpecification\",\"valueRequired\":true,\"valueName\":\"search_term_string\"}}],\"inLanguage\":\"pt-BR\"},{\"@type\":\"Organization\",\"@id\":\"https:\\\/\\\/www.vagasparana.com.br\\\/#organization\",\"name\":\"Vagas Paran\u00e1\",\"url\":\"https:\\\/\\\/www.vagasparana.com.br\\\/\",\"logo\":{\"@type\":\"ImageObject\",\"inLanguage\":\"pt-BR\",\"@id\":\"https:\\\/\\\/www.vagasparana.com.br\\\/#\\\/schema\\\/logo\\\/image\\\/\",\"url\":\"https:\\\/\\\/www.vagasparana.com.br\\\/wp-content\\\/uploads\\\/2025\\\/06\\\/cropped-vpr_logo2021.jpg\",\"contentUrl\":\"https:\\\/\\\/www.vagasparana.com.br\\\/wp-content\\\/uploads\\\/2025\\\/06\\\/cropped-vpr_logo2021.jpg\",\"width\":270,\"height\":100,\"caption\":\"Vagas Paran\u00e1\"},\"image\":{\"@id\":\"https:\\\/\\\/www.vagasparana.com.br\\\/#\\\/schema\\\/logo\\\/image\\\/\"}},{\"@type\":\"Person\",\"@id\":\"https:\\\/\\\/www.vagasparana.com.br\\\/#\\\/schema\\\/person\\\/e9f1b5eee80e419283ff066c3d1bf3de\",\"name\":\"Vagas Paran\u00e1\",\"image\":{\"@type\":\"ImageObject\",\"inLanguage\":\"pt-BR\",\"@id\":\"https:\\\/\\\/secure.gravatar.com\\\/avatar\\\/e198f9393383244894b06db503be8cb43011f384a429c7a9f84f3f61c138a35e?s=96&r=g\",\"url\":\"https:\\\/\\\/secure.gravatar.com\\\/avatar\\\/e198f9393383244894b06db503be8cb43011f384a429c7a9f84f3f61c138a35e?s=96&r=g\",\"contentUrl\":\"https:\\\/\\\/secure.gravatar.com\\\/avatar\\\/e198f9393383244894b06db503be8cb43011f384a429c7a9f84f3f61c138a35e?s=96&r=g\",\"caption\":\"Vagas Paran\u00e1\"},\"url\":\"https:\\\/\\\/www.vagasparana.com.br\\\/index.php\\\/author\\\/vagasemprego\\\/\"}]}<\/script>\n<!-- \/ Yoast SEO plugin. -->","yoast_head_json":{"title":"Auxiliar de Departamento Pessoal - Controle de Ponto - Maring\u00e1 - PR - Vagas Paran\u00e1","robots":{"index":"index","follow":"follow","max-snippet":"max-snippet:-1","max-image-preview":"max-image-preview:large","max-video-preview":"max-video-preview:-1"},"canonical":"https:\/\/www.vagasparana.com.br\/index.php\/2026\/03\/11\/auxiliar-de-departamento-pessoal-controle-de-ponto-maringa-pr\/","og_locale":"pt_BR","og_type":"article","og_title":"Auxiliar de Departamento Pessoal - Controle de Ponto - Maring\u00e1 - PR - Vagas Paran\u00e1","og_description":"Atribui\u00e7\u00f5es: Estamos em busca de um profissional com dom\u00ednio t\u00e9cnico para atuar no controle e fechamento de ponto eletr\u00f4nico, garantindo a conformidade das informa\u00e7\u00f5es para [...]","og_url":"https:\/\/www.vagasparana.com.br\/index.php\/2026\/03\/11\/auxiliar-de-departamento-pessoal-controle-de-ponto-maringa-pr\/","og_site_name":"Vagas Paran\u00e1","article_published_time":"2026-03-11T17:00:38+00:00","author":"Vagas Paran\u00e1","twitter_card":"summary_large_image","twitter_misc":{"Escrito por":"Vagas Paran\u00e1","Est. tempo de leitura":"2 minutos"},"schema":{"@context":"https:\/\/schema.org","@graph":[{"@type":"Article","@id":"https:\/\/www.vagasparana.com.br\/index.php\/2026\/03\/11\/auxiliar-de-departamento-pessoal-controle-de-ponto-maringa-pr\/#article","isPartOf":{"@id":"https:\/\/www.vagasparana.com.br\/index.php\/2026\/03\/11\/auxiliar-de-departamento-pessoal-controle-de-ponto-maringa-pr\/"},"author":{"name":"Vagas Paran\u00e1","@id":"https:\/\/www.vagasparana.com.br\/#\/schema\/person\/e9f1b5eee80e419283ff066c3d1bf3de"},"headline":"Auxiliar de Departamento Pessoal &#8211; Controle de Ponto &#8211; Maring\u00e1 &#8211; PR","datePublished":"2026-03-11T17:00:38+00:00","mainEntityOfPage":{"@id":"https:\/\/www.vagasparana.com.br\/index.php\/2026\/03\/11\/auxiliar-de-departamento-pessoal-controle-de-ponto-maringa-pr\/"},"wordCount":263,"publisher":{"@id":"https:\/\/www.vagasparana.com.br\/#organization"},"articleSection":["ensino m\u00e9dio","ensino superior incompleto","RH \/ DP"],"inLanguage":"pt-BR"},{"@type":"WebPage","@id":"https:\/\/www.vagasparana.com.br\/index.php\/2026\/03\/11\/auxiliar-de-departamento-pessoal-controle-de-ponto-maringa-pr\/","url":"https:\/\/www.vagasparana.com.br\/index.php\/2026\/03\/11\/auxiliar-de-departamento-pessoal-controle-de-ponto-maringa-pr\/","name":"Auxiliar de Departamento Pessoal - Controle de Ponto - Maring\u00e1 - PR - Vagas Paran\u00e1","isPartOf":{"@id":"https:\/\/www.vagasparana.com.br\/#website"},"datePublished":"2026-03-11T17:00:38+00:00","breadcrumb":{"@id":"https:\/\/www.vagasparana.com.br\/index.php\/2026\/03\/11\/auxiliar-de-departamento-pessoal-controle-de-ponto-maringa-pr\/#breadcrumb"},"inLanguage":"pt-BR","potentialAction":[{"@type":"ReadAction","target":["https:\/\/www.vagasparana.com.br\/index.php\/2026\/03\/11\/auxiliar-de-departamento-pessoal-controle-de-ponto-maringa-pr\/"]}]},{"@type":"BreadcrumbList","@id":"https:\/\/www.vagasparana.com.br\/index.php\/2026\/03\/11\/auxiliar-de-departamento-pessoal-controle-de-ponto-maringa-pr\/#breadcrumb","itemListElement":[{"@type":"ListItem","position":1,"name":"Home","item":"https:\/\/www.vagasparana.com.br\/"},{"@type":"ListItem","position":2,"name":"Auxiliar de Departamento Pessoal &#8211; Controle de Ponto &#8211; Maring\u00e1 &#8211; PR"}]},{"@type":"WebSite","@id":"https:\/\/www.vagasparana.com.br\/#website","url":"https:\/\/www.vagasparana.com.br\/","name":"Vagas Paran\u00e1","description":"Vagas de Emprego e Est\u00e1gio no Paran\u00e1","publisher":{"@id":"https:\/\/www.vagasparana.com.br\/#organization"},"potentialAction":[{"@type":"SearchAction","target":{"@type":"EntryPoint","urlTemplate":"https:\/\/www.vagasparana.com.br\/?s={search_term_string}"},"query-input":{"@type":"PropertyValueSpecification","valueRequired":true,"valueName":"search_term_string"}}],"inLanguage":"pt-BR"},{"@type":"Organization","@id":"https:\/\/www.vagasparana.com.br\/#organization","name":"Vagas Paran\u00e1","url":"https:\/\/www.vagasparana.com.br\/","logo":{"@type":"ImageObject","inLanguage":"pt-BR","@id":"https:\/\/www.vagasparana.com.br\/#\/schema\/logo\/image\/","url":"https:\/\/www.vagasparana.com.br\/wp-content\/uploads\/2025\/06\/cropped-vpr_logo2021.jpg","contentUrl":"https:\/\/www.vagasparana.com.br\/wp-content\/uploads\/2025\/06\/cropped-vpr_logo2021.jpg","width":270,"height":100,"caption":"Vagas Paran\u00e1"},"image":{"@id":"https:\/\/www.vagasparana.com.br\/#\/schema\/logo\/image\/"}},{"@type":"Person","@id":"https:\/\/www.vagasparana.com.br\/#\/schema\/person\/e9f1b5eee80e419283ff066c3d1bf3de","name":"Vagas Paran\u00e1","image":{"@type":"ImageObject","inLanguage":"pt-BR","@id":"https:\/\/secure.gravatar.com\/avatar\/e198f9393383244894b06db503be8cb43011f384a429c7a9f84f3f61c138a35e?s=96&r=g","url":"https:\/\/secure.gravatar.com\/avatar\/e198f9393383244894b06db503be8cb43011f384a429c7a9f84f3f61c138a35e?s=96&r=g","contentUrl":"https:\/\/secure.gravatar.com\/avatar\/e198f9393383244894b06db503be8cb43011f384a429c7a9f84f3f61c138a35e?s=96&r=g","caption":"Vagas Paran\u00e1"},"url":"https:\/\/www.vagasparana.com.br\/index.php\/author\/vagasemprego\/"}]}},"_links":{"self":[{"href":"https:\/\/www.vagasparana.com.br\/index.php\/wp-json\/wp\/v2\/posts\/46354","targetHints":{"allow":["GET"]}}],"collection":[{"href":"https:\/\/www.vagasparana.com.br\/index.php\/wp-json\/wp\/v2\/posts"}],"about":[{"href":"https:\/\/www.vagasparana.com.br\/index.php\/wp-json\/wp\/v2\/types\/post"}],"author":[{"embeddable":true,"href":"https:\/\/www.vagasparana.com.br\/index.php\/wp-json\/wp\/v2\/users\/2"}],"replies":[{"embeddable":true,"href":"https:\/\/www.vagasparana.com.br\/index.php\/wp-json\/wp\/v2\/comments?post=46354"}],"version-history":[{"count":1,"href":"https:\/\/www.vagasparana.com.br\/index.php\/wp-json\/wp\/v2\/posts\/46354\/revisions"}],"predecessor-version":[{"id":46355,"href":"https:\/\/www.vagasparana.com.br\/index.php\/wp-json\/wp\/v2\/posts\/46354\/revisions\/46355"}],"wp:attachment":[{"href":"https:\/\/www.vagasparana.com.br\/index.php\/wp-json\/wp\/v2\/media?parent=46354"}],"wp:term":[{"taxonomy":"category","embeddable":true,"href":"https:\/\/www.vagasparana.com.br\/index.php\/wp-json\/wp\/v2\/categories?post=46354"},{"taxonomy":"post_tag","embeddable":true,"href":"https:\/\/www.vagasparana.com.br\/index.php\/wp-json\/wp\/v2\/tags?post=46354"}],"curies":[{"name":"wp","href":"https:\/\/api.w.org\/{rel}","templated":true}]}}