{"id":46363,"date":"2026-03-11T18:00:53","date_gmt":"2026-03-11T21:00:53","guid":{"rendered":"https:\/\/www.vagasparana.com.br\/?p=46363"},"modified":"2026-03-10T19:03:27","modified_gmt":"2026-03-10T22:03:27","slug":"motorista-carreteiro-carga-seca-araucaria-pr-pr","status":"publish","type":"post","link":"https:\/\/www.vagasparana.com.br\/index.php\/2026\/03\/11\/motorista-carreteiro-carga-seca-araucaria-pr-pr\/","title":{"rendered":"Motorista Carreteiro \u2013 Carga Seca &#8211; Arauc\u00e1ria\/PR &#8211; PR"},"content":{"rendered":"<p style=\"text-align: justify;\">Atribui\u00e7\u00f5es:<\/p>\n<ul style=\"text-align: justify;\">\n<li>Estamos em busca de um Motorista Carreteiro para atuar no transporte de mat\u00e9rias-primas entre f\u00e1bricas, realizando transfer\u00eancias em rotas nacionais.<\/li>\n<li>Buscamos profissionais comprometidos com seguran\u00e7a, responsabilidade e cuidado com a carga, garantindo o cumprimento dos procedimentos e prazos de transporte.<\/li>\n<\/ul>\n<p style=\"text-align: justify;\">Principais responsabilidades:<\/p>\n<ul style=\"text-align: justify;\">\n<li>\u00a0Realizar transporte de carga seca em rotas nacionais<\/li>\n<li>\u00a0Efetuar transfer\u00eancia de mat\u00e9rias-primas entre f\u00e1bricas<\/li>\n<li>\u00a0Realizar enlonamento da carga, coloca\u00e7\u00e3o de cintas e amarra\u00e7\u00e3o adequada<\/li>\n<li>\u00a0Apoiar nas atividades de carga e descarga dos produtos<\/li>\n<li>\u00a0Zelar pela conserva\u00e7\u00e3o do ve\u00edculo e pela seguran\u00e7a da opera\u00e7\u00e3o<\/li>\n<li>\u00a0Cumprir normas de seguran\u00e7a e procedimentos operacionais da empresa<\/li>\n<\/ul>\n<p style=\"text-align: justify;\">Requisitos:<\/p>\n<ul style=\"text-align: justify;\">\n<li>\u00a0CNH categoria E<\/li>\n<li>\u00a0Curso MOPP atualizado<\/li>\n<li>\u00a0Experi\u00eancia com transporte de produtos perigosos<\/li>\n<li>\u00a0Disponibilidade para viagens em n\u00edvel Brasil<\/li>\n<li>\u00a0Experi\u00eancia comprovada como motorista carreteiro<\/li>\n<\/ul>\n<p style=\"text-align: justify;\">Diferencial:<\/p>\n<ul style=\"text-align: justify;\">\n<li>\u00a0Experi\u00eancia com opera\u00e7\u00e3o de empilhadeira<\/li>\n<\/ul>\n<p style=\"text-align: justify;\">Jornada de Trabalho:<\/p>\n<ul style=\"text-align: justify;\">\n<li>Escala 6&#215;1<\/li>\n<\/ul>\n<p style=\"text-align: justify;\">Remunnera\u00e7\u00e3o:<\/p>\n<ul style=\"text-align: justify;\">\n<li>Salario + Per + HE<\/li>\n<\/ul>\n<p style=\"text-align: justify;\">Benef\u00edcios:<\/p>\n<ul style=\"text-align: justify;\">\n<li>\u00a0Vale Alimenta\u00e7\u00e3o de R$ 747,00 (desconto simb\u00f3lico de R$ 5,00)<\/li>\n<li>\u00a0Di\u00e1rias integrais<\/li>\n<li>\u00a0Assist\u00eancia Odontol\u00f3gica<\/li>\n<li>\u00a0Plano de Sa\u00fade Unimed Nacional (sem car\u00eancia se incluir em at\u00e9 30 dias)<\/li>\n<li>\u00a0Participa\u00e7\u00e3o nos Resultados<\/li>\n<li>\u00a0Bolsa de Estudos (ap\u00f3s 1 ano e meio)<\/li>\n<li>\u00a0Previd\u00eancia Privada (ap\u00f3s experi\u00eancia)<\/li>\n<li>\u00a0Half Day Off no anivers\u00e1rio<\/li>\n<li>\u00a0Seguro de Vida<\/li>\n<\/ul>\n<p style=\"text-align: justify;\">Enviar curr\u00edculo informando no assunto do e-mail a vaga de interesse para<a href=\"mailto:psicologa.vagas@gmail.com\"> psicologa.vagas@gmail.com<\/a><\/p>\n","protected":false},"excerpt":{"rendered":"<p>Atribui\u00e7\u00f5es: Estamos em busca de um Motorista Carreteiro para atuar no transporte de mat\u00e9rias-primas entre f\u00e1bricas, realizando transfer\u00eancias em rotas nacionais. Buscamos profissionais comprometidos com [&#8230;]<\/p>\n","protected":false},"author":2,"featured_media":0,"comment_status":"closed","ping_status":"closed","sticky":false,"template":"","format":"standard","meta":{"footnotes":""},"categories":[161],"tags":[],"class_list":["post-46363","post","type-post","status-publish","format-standard","hentry","category-motorista-carreteiro"],"yoast_head":"<!-- This site is optimized with the Yoast SEO plugin v27.5 - https:\/\/yoast.com\/product\/yoast-seo-wordpress\/ -->\n<title>Motorista Carreteiro \u2013 Carga Seca - Arauc\u00e1ria\/PR - PR - Vagas Paran\u00e1<\/title>\n<meta name=\"robots\" content=\"index, follow, max-snippet:-1, max-image-preview:large, max-video-preview:-1\" \/>\n<link rel=\"canonical\" href=\"https:\/\/www.vagasparana.com.br\/index.php\/2026\/03\/11\/motorista-carreteiro-carga-seca-araucaria-pr-pr\/\" \/>\n<meta property=\"og:locale\" content=\"pt_BR\" \/>\n<meta property=\"og:type\" content=\"article\" \/>\n<meta property=\"og:title\" content=\"Motorista Carreteiro \u2013 Carga Seca - Arauc\u00e1ria\/PR - PR - Vagas Paran\u00e1\" \/>\n<meta property=\"og:description\" content=\"Atribui\u00e7\u00f5es: Estamos em busca de um Motorista Carreteiro para atuar no transporte de mat\u00e9rias-primas entre f\u00e1bricas, realizando transfer\u00eancias em rotas nacionais. Buscamos profissionais comprometidos com [...]\" \/>\n<meta property=\"og:url\" content=\"https:\/\/www.vagasparana.com.br\/index.php\/2026\/03\/11\/motorista-carreteiro-carga-seca-araucaria-pr-pr\/\" \/>\n<meta property=\"og:site_name\" content=\"Vagas Paran\u00e1\" \/>\n<meta property=\"article:published_time\" content=\"2026-03-11T21:00:53+00:00\" \/>\n<meta name=\"author\" content=\"Vagas Paran\u00e1\" \/>\n<meta name=\"twitter:card\" content=\"summary_large_image\" \/>\n<meta name=\"twitter:label1\" content=\"Escrito por\" \/>\n\t<meta name=\"twitter:data1\" content=\"Vagas Paran\u00e1\" \/>\n\t<meta name=\"twitter:label2\" content=\"Est. tempo de leitura\" \/>\n\t<meta name=\"twitter:data2\" content=\"2 minutos\" \/>\n<script type=\"application\/ld+json\" class=\"yoast-schema-graph\">{\"@context\":\"https:\\\/\\\/schema.org\",\"@graph\":[{\"@type\":\"Article\",\"@id\":\"https:\\\/\\\/www.vagasparana.com.br\\\/index.php\\\/2026\\\/03\\\/11\\\/motorista-carreteiro-carga-seca-araucaria-pr-pr\\\/#article\",\"isPartOf\":{\"@id\":\"https:\\\/\\\/www.vagasparana.com.br\\\/index.php\\\/2026\\\/03\\\/11\\\/motorista-carreteiro-carga-seca-araucaria-pr-pr\\\/\"},\"author\":{\"name\":\"Vagas Paran\u00e1\",\"@id\":\"https:\\\/\\\/www.vagasparana.com.br\\\/#\\\/schema\\\/person\\\/e9f1b5eee80e419283ff066c3d1bf3de\"},\"headline\":\"Motorista Carreteiro \u2013 Carga Seca &#8211; Arauc\u00e1ria\\\/PR &#8211; PR\",\"datePublished\":\"2026-03-11T21:00:53+00:00\",\"mainEntityOfPage\":{\"@id\":\"https:\\\/\\\/www.vagasparana.com.br\\\/index.php\\\/2026\\\/03\\\/11\\\/motorista-carreteiro-carga-seca-araucaria-pr-pr\\\/\"},\"wordCount\":243,\"publisher\":{\"@id\":\"https:\\\/\\\/www.vagasparana.com.br\\\/#organization\"},\"articleSection\":[\"motorista carreteiro\"],\"inLanguage\":\"pt-BR\"},{\"@type\":\"WebPage\",\"@id\":\"https:\\\/\\\/www.vagasparana.com.br\\\/index.php\\\/2026\\\/03\\\/11\\\/motorista-carreteiro-carga-seca-araucaria-pr-pr\\\/\",\"url\":\"https:\\\/\\\/www.vagasparana.com.br\\\/index.php\\\/2026\\\/03\\\/11\\\/motorista-carreteiro-carga-seca-araucaria-pr-pr\\\/\",\"name\":\"Motorista Carreteiro \u2013 Carga Seca - Arauc\u00e1ria\\\/PR - PR - Vagas Paran\u00e1\",\"isPartOf\":{\"@id\":\"https:\\\/\\\/www.vagasparana.com.br\\\/#website\"},\"datePublished\":\"2026-03-11T21:00:53+00:00\",\"breadcrumb\":{\"@id\":\"https:\\\/\\\/www.vagasparana.com.br\\\/index.php\\\/2026\\\/03\\\/11\\\/motorista-carreteiro-carga-seca-araucaria-pr-pr\\\/#breadcrumb\"},\"inLanguage\":\"pt-BR\",\"potentialAction\":[{\"@type\":\"ReadAction\",\"target\":[\"https:\\\/\\\/www.vagasparana.com.br\\\/index.php\\\/2026\\\/03\\\/11\\\/motorista-carreteiro-carga-seca-araucaria-pr-pr\\\/\"]}]},{\"@type\":\"BreadcrumbList\",\"@id\":\"https:\\\/\\\/www.vagasparana.com.br\\\/index.php\\\/2026\\\/03\\\/11\\\/motorista-carreteiro-carga-seca-araucaria-pr-pr\\\/#breadcrumb\",\"itemListElement\":[{\"@type\":\"ListItem\",\"position\":1,\"name\":\"Home\",\"item\":\"https:\\\/\\\/www.vagasparana.com.br\\\/\"},{\"@type\":\"ListItem\",\"position\":2,\"name\":\"Motorista Carreteiro \u2013 Carga Seca &#8211; Arauc\u00e1ria\\\/PR &#8211; PR\"}]},{\"@type\":\"WebSite\",\"@id\":\"https:\\\/\\\/www.vagasparana.com.br\\\/#website\",\"url\":\"https:\\\/\\\/www.vagasparana.com.br\\\/\",\"name\":\"Vagas Paran\u00e1\",\"description\":\"Vagas de Emprego e Est\u00e1gio no Paran\u00e1\",\"publisher\":{\"@id\":\"https:\\\/\\\/www.vagasparana.com.br\\\/#organization\"},\"potentialAction\":[{\"@type\":\"SearchAction\",\"target\":{\"@type\":\"EntryPoint\",\"urlTemplate\":\"https:\\\/\\\/www.vagasparana.com.br\\\/?s={search_term_string}\"},\"query-input\":{\"@type\":\"PropertyValueSpecification\",\"valueRequired\":true,\"valueName\":\"search_term_string\"}}],\"inLanguage\":\"pt-BR\"},{\"@type\":\"Organization\",\"@id\":\"https:\\\/\\\/www.vagasparana.com.br\\\/#organization\",\"name\":\"Vagas Paran\u00e1\",\"url\":\"https:\\\/\\\/www.vagasparana.com.br\\\/\",\"logo\":{\"@type\":\"ImageObject\",\"inLanguage\":\"pt-BR\",\"@id\":\"https:\\\/\\\/www.vagasparana.com.br\\\/#\\\/schema\\\/logo\\\/image\\\/\",\"url\":\"https:\\\/\\\/www.vagasparana.com.br\\\/wp-content\\\/uploads\\\/2025\\\/06\\\/cropped-vpr_logo2021.jpg\",\"contentUrl\":\"https:\\\/\\\/www.vagasparana.com.br\\\/wp-content\\\/uploads\\\/2025\\\/06\\\/cropped-vpr_logo2021.jpg\",\"width\":270,\"height\":100,\"caption\":\"Vagas Paran\u00e1\"},\"image\":{\"@id\":\"https:\\\/\\\/www.vagasparana.com.br\\\/#\\\/schema\\\/logo\\\/image\\\/\"}},{\"@type\":\"Person\",\"@id\":\"https:\\\/\\\/www.vagasparana.com.br\\\/#\\\/schema\\\/person\\\/e9f1b5eee80e419283ff066c3d1bf3de\",\"name\":\"Vagas Paran\u00e1\",\"image\":{\"@type\":\"ImageObject\",\"inLanguage\":\"pt-BR\",\"@id\":\"https:\\\/\\\/secure.gravatar.com\\\/avatar\\\/e198f9393383244894b06db503be8cb43011f384a429c7a9f84f3f61c138a35e?s=96&r=g\",\"url\":\"https:\\\/\\\/secure.gravatar.com\\\/avatar\\\/e198f9393383244894b06db503be8cb43011f384a429c7a9f84f3f61c138a35e?s=96&r=g\",\"contentUrl\":\"https:\\\/\\\/secure.gravatar.com\\\/avatar\\\/e198f9393383244894b06db503be8cb43011f384a429c7a9f84f3f61c138a35e?s=96&r=g\",\"caption\":\"Vagas Paran\u00e1\"},\"url\":\"https:\\\/\\\/www.vagasparana.com.br\\\/index.php\\\/author\\\/vagasemprego\\\/\"}]}<\/script>\n<!-- \/ Yoast SEO plugin. -->","yoast_head_json":{"title":"Motorista Carreteiro \u2013 Carga Seca - Arauc\u00e1ria\/PR - PR - Vagas Paran\u00e1","robots":{"index":"index","follow":"follow","max-snippet":"max-snippet:-1","max-image-preview":"max-image-preview:large","max-video-preview":"max-video-preview:-1"},"canonical":"https:\/\/www.vagasparana.com.br\/index.php\/2026\/03\/11\/motorista-carreteiro-carga-seca-araucaria-pr-pr\/","og_locale":"pt_BR","og_type":"article","og_title":"Motorista Carreteiro \u2013 Carga Seca - Arauc\u00e1ria\/PR - PR - Vagas Paran\u00e1","og_description":"Atribui\u00e7\u00f5es: Estamos em busca de um Motorista Carreteiro para atuar no transporte de mat\u00e9rias-primas entre f\u00e1bricas, realizando transfer\u00eancias em rotas nacionais. Buscamos profissionais comprometidos com [...]","og_url":"https:\/\/www.vagasparana.com.br\/index.php\/2026\/03\/11\/motorista-carreteiro-carga-seca-araucaria-pr-pr\/","og_site_name":"Vagas Paran\u00e1","article_published_time":"2026-03-11T21:00:53+00:00","author":"Vagas Paran\u00e1","twitter_card":"summary_large_image","twitter_misc":{"Escrito por":"Vagas Paran\u00e1","Est. tempo de leitura":"2 minutos"},"schema":{"@context":"https:\/\/schema.org","@graph":[{"@type":"Article","@id":"https:\/\/www.vagasparana.com.br\/index.php\/2026\/03\/11\/motorista-carreteiro-carga-seca-araucaria-pr-pr\/#article","isPartOf":{"@id":"https:\/\/www.vagasparana.com.br\/index.php\/2026\/03\/11\/motorista-carreteiro-carga-seca-araucaria-pr-pr\/"},"author":{"name":"Vagas Paran\u00e1","@id":"https:\/\/www.vagasparana.com.br\/#\/schema\/person\/e9f1b5eee80e419283ff066c3d1bf3de"},"headline":"Motorista Carreteiro \u2013 Carga Seca &#8211; Arauc\u00e1ria\/PR &#8211; PR","datePublished":"2026-03-11T21:00:53+00:00","mainEntityOfPage":{"@id":"https:\/\/www.vagasparana.com.br\/index.php\/2026\/03\/11\/motorista-carreteiro-carga-seca-araucaria-pr-pr\/"},"wordCount":243,"publisher":{"@id":"https:\/\/www.vagasparana.com.br\/#organization"},"articleSection":["motorista carreteiro"],"inLanguage":"pt-BR"},{"@type":"WebPage","@id":"https:\/\/www.vagasparana.com.br\/index.php\/2026\/03\/11\/motorista-carreteiro-carga-seca-araucaria-pr-pr\/","url":"https:\/\/www.vagasparana.com.br\/index.php\/2026\/03\/11\/motorista-carreteiro-carga-seca-araucaria-pr-pr\/","name":"Motorista Carreteiro \u2013 Carga Seca - Arauc\u00e1ria\/PR - PR - Vagas Paran\u00e1","isPartOf":{"@id":"https:\/\/www.vagasparana.com.br\/#website"},"datePublished":"2026-03-11T21:00:53+00:00","breadcrumb":{"@id":"https:\/\/www.vagasparana.com.br\/index.php\/2026\/03\/11\/motorista-carreteiro-carga-seca-araucaria-pr-pr\/#breadcrumb"},"inLanguage":"pt-BR","potentialAction":[{"@type":"ReadAction","target":["https:\/\/www.vagasparana.com.br\/index.php\/2026\/03\/11\/motorista-carreteiro-carga-seca-araucaria-pr-pr\/"]}]},{"@type":"BreadcrumbList","@id":"https:\/\/www.vagasparana.com.br\/index.php\/2026\/03\/11\/motorista-carreteiro-carga-seca-araucaria-pr-pr\/#breadcrumb","itemListElement":[{"@type":"ListItem","position":1,"name":"Home","item":"https:\/\/www.vagasparana.com.br\/"},{"@type":"ListItem","position":2,"name":"Motorista Carreteiro \u2013 Carga Seca &#8211; Arauc\u00e1ria\/PR &#8211; PR"}]},{"@type":"WebSite","@id":"https:\/\/www.vagasparana.com.br\/#website","url":"https:\/\/www.vagasparana.com.br\/","name":"Vagas Paran\u00e1","description":"Vagas de Emprego e Est\u00e1gio no Paran\u00e1","publisher":{"@id":"https:\/\/www.vagasparana.com.br\/#organization"},"potentialAction":[{"@type":"SearchAction","target":{"@type":"EntryPoint","urlTemplate":"https:\/\/www.vagasparana.com.br\/?s={search_term_string}"},"query-input":{"@type":"PropertyValueSpecification","valueRequired":true,"valueName":"search_term_string"}}],"inLanguage":"pt-BR"},{"@type":"Organization","@id":"https:\/\/www.vagasparana.com.br\/#organization","name":"Vagas Paran\u00e1","url":"https:\/\/www.vagasparana.com.br\/","logo":{"@type":"ImageObject","inLanguage":"pt-BR","@id":"https:\/\/www.vagasparana.com.br\/#\/schema\/logo\/image\/","url":"https:\/\/www.vagasparana.com.br\/wp-content\/uploads\/2025\/06\/cropped-vpr_logo2021.jpg","contentUrl":"https:\/\/www.vagasparana.com.br\/wp-content\/uploads\/2025\/06\/cropped-vpr_logo2021.jpg","width":270,"height":100,"caption":"Vagas Paran\u00e1"},"image":{"@id":"https:\/\/www.vagasparana.com.br\/#\/schema\/logo\/image\/"}},{"@type":"Person","@id":"https:\/\/www.vagasparana.com.br\/#\/schema\/person\/e9f1b5eee80e419283ff066c3d1bf3de","name":"Vagas Paran\u00e1","image":{"@type":"ImageObject","inLanguage":"pt-BR","@id":"https:\/\/secure.gravatar.com\/avatar\/e198f9393383244894b06db503be8cb43011f384a429c7a9f84f3f61c138a35e?s=96&r=g","url":"https:\/\/secure.gravatar.com\/avatar\/e198f9393383244894b06db503be8cb43011f384a429c7a9f84f3f61c138a35e?s=96&r=g","contentUrl":"https:\/\/secure.gravatar.com\/avatar\/e198f9393383244894b06db503be8cb43011f384a429c7a9f84f3f61c138a35e?s=96&r=g","caption":"Vagas Paran\u00e1"},"url":"https:\/\/www.vagasparana.com.br\/index.php\/author\/vagasemprego\/"}]}},"_links":{"self":[{"href":"https:\/\/www.vagasparana.com.br\/index.php\/wp-json\/wp\/v2\/posts\/46363","targetHints":{"allow":["GET"]}}],"collection":[{"href":"https:\/\/www.vagasparana.com.br\/index.php\/wp-json\/wp\/v2\/posts"}],"about":[{"href":"https:\/\/www.vagasparana.com.br\/index.php\/wp-json\/wp\/v2\/types\/post"}],"author":[{"embeddable":true,"href":"https:\/\/www.vagasparana.com.br\/index.php\/wp-json\/wp\/v2\/users\/2"}],"replies":[{"embeddable":true,"href":"https:\/\/www.vagasparana.com.br\/index.php\/wp-json\/wp\/v2\/comments?post=46363"}],"version-history":[{"count":2,"href":"https:\/\/www.vagasparana.com.br\/index.php\/wp-json\/wp\/v2\/posts\/46363\/revisions"}],"predecessor-version":[{"id":46365,"href":"https:\/\/www.vagasparana.com.br\/index.php\/wp-json\/wp\/v2\/posts\/46363\/revisions\/46365"}],"wp:attachment":[{"href":"https:\/\/www.vagasparana.com.br\/index.php\/wp-json\/wp\/v2\/media?parent=46363"}],"wp:term":[{"taxonomy":"category","embeddable":true,"href":"https:\/\/www.vagasparana.com.br\/index.php\/wp-json\/wp\/v2\/categories?post=46363"},{"taxonomy":"post_tag","embeddable":true,"href":"https:\/\/www.vagasparana.com.br\/index.php\/wp-json\/wp\/v2\/tags?post=46363"}],"curies":[{"name":"wp","href":"https:\/\/api.w.org\/{rel}","templated":true}]}}