{"id":46650,"date":"2026-04-30T13:00:40","date_gmt":"2026-04-30T16:00:40","guid":{"rendered":"https:\/\/www.vagasparana.com.br\/?p=46650"},"modified":"2026-04-29T20:00:37","modified_gmt":"2026-04-29T23:00:37","slug":"analista-de-suporte-datacenter-em-curitiba-pr-curitiba-pr","status":"publish","type":"post","link":"https:\/\/www.vagasparana.com.br\/index.php\/2026\/04\/30\/analista-de-suporte-datacenter-em-curitiba-pr-curitiba-pr\/","title":{"rendered":"Analista de Suporte &#8211; Datacenter em Curitiba &#8211; PR &#8211; Curitiba &#8211; PR"},"content":{"rendered":"<p style=\"text-align: justify;\">Atribui\u00e7\u00f5es:<\/p>\n<ul style=\"text-align: justify;\">\n<li>Buscamos um(a) Analista de Suporte com perfil t\u00e9cnico, organizado e com foco em atendimento e resolu\u00e7\u00e3o de problemas, que queira atuar em um ambiente din\u00e2mico e em constante evolu\u00e7\u00e3o.<\/li>\n<li>No dia a dia, esse(a) profissional ser\u00e1 respons\u00e1vel pelo suporte e administra\u00e7\u00e3o de ambientes Windows Server (2016 a 2025), gest\u00e3o de Active Directory, incluindo permiss\u00f5es de pastas e pol\u00edticas de grupo (GPO), al\u00e9m da instala\u00e7\u00e3o e configura\u00e7\u00e3o de impressoras em rede.<\/li>\n<li>Tamb\u00e9m far\u00e1 a configura\u00e7\u00e3o e administra\u00e7\u00e3o de PFsense, envolvendo interfaces, VPN ponto a ponto com OpenVPN e configura\u00e7\u00e3o de links, bem como a instala\u00e7\u00e3o, configura\u00e7\u00e3o, manuten\u00e7\u00e3o e interpreta\u00e7\u00e3o de alertas da ferramenta de monitoramento Zabbix.<br \/>\nO escopo inclui ainda a instala\u00e7\u00e3o e gerenciamento de OpenVPN, suporte a sistemas da Receita Federal, instala\u00e7\u00e3o e atualiza\u00e7\u00e3o de sistemas ERP, como Dom\u00ednio Sistemas e Questor Sistemas, al\u00e9m do atendimento t\u00e9cnico aos clientes por meio de chat online, garantindo agilidade, qualidade e efici\u00eancia na resolu\u00e7\u00e3o dos chamados.<\/li>\n<\/ul>\n<p style=\"text-align: justify;\">Requisitos:<\/p>\n<ul>\n<li>forma\u00e7\u00e3o t\u00e9cnica ou certifica\u00e7\u00f5es em Redes, Infraestrutura ou \u00e1reas correlatas, al\u00e9m de viv\u00eancia anterior em empresas de TI ou Data Center.<\/li>\n<li>Para essa posi\u00e7\u00e3o, \u00e9 necess\u00e1rio ter experi\u00eancia na \u00e1rea de suporte e Datacenter,<\/li>\n<li>Procuramos algu\u00e9m com perfil proativo, organizado e com boa comunica\u00e7\u00e3o.<\/li>\n<\/ul>\n<p style=\"text-align: justify;\">Jornada de Trabalho:<\/p>\n<ul style=\"text-align: justify;\">\n<li>Presencial no Bairro Alto em Curitiba, horario segunda a sexta-feira, das 08h \u00e0s 18h<\/li>\n<\/ul>\n<p style=\"text-align: justify;\">Remunera\u00e7\u00e3o:<\/p>\n<ul style=\"text-align: justify;\">\n<li>Sal\u00e1rio a combinar<\/li>\n<\/ul>\n<p style=\"text-align: justify;\">Benef\u00edcios:<\/p>\n<ul style=\"text-align: justify;\">\n<li>premia\u00e7\u00e3o por produtividade, vale-transporte ou aux\u00edlio combust\u00edvel, vale-refei\u00e7\u00e3o no valor de R$ 31,00 por dia (cart\u00e3o VR) e plano de sa\u00fade Unimed com coparticipa\u00e7\u00e3o, dispon\u00edvel ap\u00f3s o per\u00edodo de experi\u00eancia.<\/li>\n<\/ul>\n<p style=\"text-align: justify;\">Enviar curr\u00edculo informando no assunto do e-mail a vaga de interesse para<a href=\"mailto:silvia@holdenrh.com.br\"> silvia@holdenrh.com.br<\/a><\/p>\n","protected":false},"excerpt":{"rendered":"<p>Atribui\u00e7\u00f5es: Buscamos um(a) Analista de Suporte com perfil t\u00e9cnico, organizado e com foco em atendimento e resolu\u00e7\u00e3o de problemas, que queira atuar em um ambiente [&#8230;]<\/p>\n","protected":false},"author":2,"featured_media":0,"comment_status":"closed","ping_status":"closed","sticky":false,"template":"","format":"standard","meta":{"footnotes":""},"categories":[51,67],"tags":[],"class_list":["post-46650","post","type-post","status-publish","format-standard","hentry","category-ensino-tecnico-completo","category-informatica-ti-programador-desenvolvedor-analista-web"],"yoast_head":"<!-- This site is optimized with the Yoast SEO plugin v27.5 - https:\/\/yoast.com\/product\/yoast-seo-wordpress\/ -->\n<title>Analista de Suporte - Datacenter em Curitiba - PR - Curitiba - PR - Vagas Paran\u00e1<\/title>\n<meta name=\"robots\" content=\"index, follow, max-snippet:-1, max-image-preview:large, max-video-preview:-1\" \/>\n<link rel=\"canonical\" href=\"https:\/\/www.vagasparana.com.br\/index.php\/2026\/04\/30\/analista-de-suporte-datacenter-em-curitiba-pr-curitiba-pr\/\" \/>\n<meta property=\"og:locale\" content=\"pt_BR\" \/>\n<meta property=\"og:type\" content=\"article\" \/>\n<meta property=\"og:title\" content=\"Analista de Suporte - Datacenter em Curitiba - PR - Curitiba - PR - Vagas Paran\u00e1\" \/>\n<meta property=\"og:description\" content=\"Atribui\u00e7\u00f5es: Buscamos um(a) Analista de Suporte com perfil t\u00e9cnico, organizado e com foco em atendimento e resolu\u00e7\u00e3o de problemas, que queira atuar em um ambiente [...]\" \/>\n<meta property=\"og:url\" content=\"https:\/\/www.vagasparana.com.br\/index.php\/2026\/04\/30\/analista-de-suporte-datacenter-em-curitiba-pr-curitiba-pr\/\" \/>\n<meta property=\"og:site_name\" content=\"Vagas Paran\u00e1\" \/>\n<meta property=\"article:published_time\" content=\"2026-04-30T16:00:40+00:00\" \/>\n<meta name=\"author\" content=\"Vagas Paran\u00e1\" \/>\n<meta name=\"twitter:card\" content=\"summary_large_image\" \/>\n<meta name=\"twitter:label1\" content=\"Escrito por\" \/>\n\t<meta name=\"twitter:data1\" content=\"Vagas Paran\u00e1\" \/>\n\t<meta name=\"twitter:label2\" content=\"Est. tempo de leitura\" \/>\n\t<meta name=\"twitter:data2\" content=\"2 minutos\" \/>\n<script type=\"application\/ld+json\" class=\"yoast-schema-graph\">{\"@context\":\"https:\\\/\\\/schema.org\",\"@graph\":[{\"@type\":\"Article\",\"@id\":\"https:\\\/\\\/www.vagasparana.com.br\\\/index.php\\\/2026\\\/04\\\/30\\\/analista-de-suporte-datacenter-em-curitiba-pr-curitiba-pr\\\/#article\",\"isPartOf\":{\"@id\":\"https:\\\/\\\/www.vagasparana.com.br\\\/index.php\\\/2026\\\/04\\\/30\\\/analista-de-suporte-datacenter-em-curitiba-pr-curitiba-pr\\\/\"},\"author\":{\"name\":\"Vagas Paran\u00e1\",\"@id\":\"https:\\\/\\\/www.vagasparana.com.br\\\/#\\\/schema\\\/person\\\/e9f1b5eee80e419283ff066c3d1bf3de\"},\"headline\":\"Analista de Suporte &#8211; Datacenter em Curitiba &#8211; PR &#8211; Curitiba &#8211; PR\",\"datePublished\":\"2026-04-30T16:00:40+00:00\",\"mainEntityOfPage\":{\"@id\":\"https:\\\/\\\/www.vagasparana.com.br\\\/index.php\\\/2026\\\/04\\\/30\\\/analista-de-suporte-datacenter-em-curitiba-pr-curitiba-pr\\\/\"},\"wordCount\":332,\"publisher\":{\"@id\":\"https:\\\/\\\/www.vagasparana.com.br\\\/#organization\"},\"articleSection\":[\"ensino t\u00e9cnico\",\"inform\u00e1tica \\\/ TI \\\/ Web\"],\"inLanguage\":\"pt-BR\"},{\"@type\":\"WebPage\",\"@id\":\"https:\\\/\\\/www.vagasparana.com.br\\\/index.php\\\/2026\\\/04\\\/30\\\/analista-de-suporte-datacenter-em-curitiba-pr-curitiba-pr\\\/\",\"url\":\"https:\\\/\\\/www.vagasparana.com.br\\\/index.php\\\/2026\\\/04\\\/30\\\/analista-de-suporte-datacenter-em-curitiba-pr-curitiba-pr\\\/\",\"name\":\"Analista de Suporte - Datacenter em Curitiba - PR - Curitiba - PR - Vagas Paran\u00e1\",\"isPartOf\":{\"@id\":\"https:\\\/\\\/www.vagasparana.com.br\\\/#website\"},\"datePublished\":\"2026-04-30T16:00:40+00:00\",\"breadcrumb\":{\"@id\":\"https:\\\/\\\/www.vagasparana.com.br\\\/index.php\\\/2026\\\/04\\\/30\\\/analista-de-suporte-datacenter-em-curitiba-pr-curitiba-pr\\\/#breadcrumb\"},\"inLanguage\":\"pt-BR\",\"potentialAction\":[{\"@type\":\"ReadAction\",\"target\":[\"https:\\\/\\\/www.vagasparana.com.br\\\/index.php\\\/2026\\\/04\\\/30\\\/analista-de-suporte-datacenter-em-curitiba-pr-curitiba-pr\\\/\"]}]},{\"@type\":\"BreadcrumbList\",\"@id\":\"https:\\\/\\\/www.vagasparana.com.br\\\/index.php\\\/2026\\\/04\\\/30\\\/analista-de-suporte-datacenter-em-curitiba-pr-curitiba-pr\\\/#breadcrumb\",\"itemListElement\":[{\"@type\":\"ListItem\",\"position\":1,\"name\":\"Home\",\"item\":\"https:\\\/\\\/www.vagasparana.com.br\\\/\"},{\"@type\":\"ListItem\",\"position\":2,\"name\":\"Analista de Suporte &#8211; Datacenter em Curitiba &#8211; PR &#8211; Curitiba &#8211; PR\"}]},{\"@type\":\"WebSite\",\"@id\":\"https:\\\/\\\/www.vagasparana.com.br\\\/#website\",\"url\":\"https:\\\/\\\/www.vagasparana.com.br\\\/\",\"name\":\"Vagas Paran\u00e1\",\"description\":\"Vagas de Emprego e Est\u00e1gio no Paran\u00e1\",\"publisher\":{\"@id\":\"https:\\\/\\\/www.vagasparana.com.br\\\/#organization\"},\"potentialAction\":[{\"@type\":\"SearchAction\",\"target\":{\"@type\":\"EntryPoint\",\"urlTemplate\":\"https:\\\/\\\/www.vagasparana.com.br\\\/?s={search_term_string}\"},\"query-input\":{\"@type\":\"PropertyValueSpecification\",\"valueRequired\":true,\"valueName\":\"search_term_string\"}}],\"inLanguage\":\"pt-BR\"},{\"@type\":\"Organization\",\"@id\":\"https:\\\/\\\/www.vagasparana.com.br\\\/#organization\",\"name\":\"Vagas Paran\u00e1\",\"url\":\"https:\\\/\\\/www.vagasparana.com.br\\\/\",\"logo\":{\"@type\":\"ImageObject\",\"inLanguage\":\"pt-BR\",\"@id\":\"https:\\\/\\\/www.vagasparana.com.br\\\/#\\\/schema\\\/logo\\\/image\\\/\",\"url\":\"https:\\\/\\\/www.vagasparana.com.br\\\/wp-content\\\/uploads\\\/2025\\\/06\\\/cropped-vpr_logo2021.jpg\",\"contentUrl\":\"https:\\\/\\\/www.vagasparana.com.br\\\/wp-content\\\/uploads\\\/2025\\\/06\\\/cropped-vpr_logo2021.jpg\",\"width\":270,\"height\":100,\"caption\":\"Vagas Paran\u00e1\"},\"image\":{\"@id\":\"https:\\\/\\\/www.vagasparana.com.br\\\/#\\\/schema\\\/logo\\\/image\\\/\"}},{\"@type\":\"Person\",\"@id\":\"https:\\\/\\\/www.vagasparana.com.br\\\/#\\\/schema\\\/person\\\/e9f1b5eee80e419283ff066c3d1bf3de\",\"name\":\"Vagas Paran\u00e1\",\"image\":{\"@type\":\"ImageObject\",\"inLanguage\":\"pt-BR\",\"@id\":\"https:\\\/\\\/secure.gravatar.com\\\/avatar\\\/e198f9393383244894b06db503be8cb43011f384a429c7a9f84f3f61c138a35e?s=96&r=g\",\"url\":\"https:\\\/\\\/secure.gravatar.com\\\/avatar\\\/e198f9393383244894b06db503be8cb43011f384a429c7a9f84f3f61c138a35e?s=96&r=g\",\"contentUrl\":\"https:\\\/\\\/secure.gravatar.com\\\/avatar\\\/e198f9393383244894b06db503be8cb43011f384a429c7a9f84f3f61c138a35e?s=96&r=g\",\"caption\":\"Vagas Paran\u00e1\"},\"url\":\"https:\\\/\\\/www.vagasparana.com.br\\\/index.php\\\/author\\\/vagasemprego\\\/\"}]}<\/script>\n<!-- \/ Yoast SEO plugin. -->","yoast_head_json":{"title":"Analista de Suporte - Datacenter em Curitiba - PR - Curitiba - PR - Vagas Paran\u00e1","robots":{"index":"index","follow":"follow","max-snippet":"max-snippet:-1","max-image-preview":"max-image-preview:large","max-video-preview":"max-video-preview:-1"},"canonical":"https:\/\/www.vagasparana.com.br\/index.php\/2026\/04\/30\/analista-de-suporte-datacenter-em-curitiba-pr-curitiba-pr\/","og_locale":"pt_BR","og_type":"article","og_title":"Analista de Suporte - Datacenter em Curitiba - PR - Curitiba - PR - Vagas Paran\u00e1","og_description":"Atribui\u00e7\u00f5es: Buscamos um(a) Analista de Suporte com perfil t\u00e9cnico, organizado e com foco em atendimento e resolu\u00e7\u00e3o de problemas, que queira atuar em um ambiente [...]","og_url":"https:\/\/www.vagasparana.com.br\/index.php\/2026\/04\/30\/analista-de-suporte-datacenter-em-curitiba-pr-curitiba-pr\/","og_site_name":"Vagas Paran\u00e1","article_published_time":"2026-04-30T16:00:40+00:00","author":"Vagas Paran\u00e1","twitter_card":"summary_large_image","twitter_misc":{"Escrito por":"Vagas Paran\u00e1","Est. tempo de leitura":"2 minutos"},"schema":{"@context":"https:\/\/schema.org","@graph":[{"@type":"Article","@id":"https:\/\/www.vagasparana.com.br\/index.php\/2026\/04\/30\/analista-de-suporte-datacenter-em-curitiba-pr-curitiba-pr\/#article","isPartOf":{"@id":"https:\/\/www.vagasparana.com.br\/index.php\/2026\/04\/30\/analista-de-suporte-datacenter-em-curitiba-pr-curitiba-pr\/"},"author":{"name":"Vagas Paran\u00e1","@id":"https:\/\/www.vagasparana.com.br\/#\/schema\/person\/e9f1b5eee80e419283ff066c3d1bf3de"},"headline":"Analista de Suporte &#8211; Datacenter em Curitiba &#8211; PR &#8211; Curitiba &#8211; PR","datePublished":"2026-04-30T16:00:40+00:00","mainEntityOfPage":{"@id":"https:\/\/www.vagasparana.com.br\/index.php\/2026\/04\/30\/analista-de-suporte-datacenter-em-curitiba-pr-curitiba-pr\/"},"wordCount":332,"publisher":{"@id":"https:\/\/www.vagasparana.com.br\/#organization"},"articleSection":["ensino t\u00e9cnico","inform\u00e1tica \/ TI \/ Web"],"inLanguage":"pt-BR"},{"@type":"WebPage","@id":"https:\/\/www.vagasparana.com.br\/index.php\/2026\/04\/30\/analista-de-suporte-datacenter-em-curitiba-pr-curitiba-pr\/","url":"https:\/\/www.vagasparana.com.br\/index.php\/2026\/04\/30\/analista-de-suporte-datacenter-em-curitiba-pr-curitiba-pr\/","name":"Analista de Suporte - Datacenter em Curitiba - PR - Curitiba - PR - Vagas Paran\u00e1","isPartOf":{"@id":"https:\/\/www.vagasparana.com.br\/#website"},"datePublished":"2026-04-30T16:00:40+00:00","breadcrumb":{"@id":"https:\/\/www.vagasparana.com.br\/index.php\/2026\/04\/30\/analista-de-suporte-datacenter-em-curitiba-pr-curitiba-pr\/#breadcrumb"},"inLanguage":"pt-BR","potentialAction":[{"@type":"ReadAction","target":["https:\/\/www.vagasparana.com.br\/index.php\/2026\/04\/30\/analista-de-suporte-datacenter-em-curitiba-pr-curitiba-pr\/"]}]},{"@type":"BreadcrumbList","@id":"https:\/\/www.vagasparana.com.br\/index.php\/2026\/04\/30\/analista-de-suporte-datacenter-em-curitiba-pr-curitiba-pr\/#breadcrumb","itemListElement":[{"@type":"ListItem","position":1,"name":"Home","item":"https:\/\/www.vagasparana.com.br\/"},{"@type":"ListItem","position":2,"name":"Analista de Suporte &#8211; Datacenter em Curitiba &#8211; PR &#8211; Curitiba &#8211; PR"}]},{"@type":"WebSite","@id":"https:\/\/www.vagasparana.com.br\/#website","url":"https:\/\/www.vagasparana.com.br\/","name":"Vagas Paran\u00e1","description":"Vagas de Emprego e Est\u00e1gio no Paran\u00e1","publisher":{"@id":"https:\/\/www.vagasparana.com.br\/#organization"},"potentialAction":[{"@type":"SearchAction","target":{"@type":"EntryPoint","urlTemplate":"https:\/\/www.vagasparana.com.br\/?s={search_term_string}"},"query-input":{"@type":"PropertyValueSpecification","valueRequired":true,"valueName":"search_term_string"}}],"inLanguage":"pt-BR"},{"@type":"Organization","@id":"https:\/\/www.vagasparana.com.br\/#organization","name":"Vagas Paran\u00e1","url":"https:\/\/www.vagasparana.com.br\/","logo":{"@type":"ImageObject","inLanguage":"pt-BR","@id":"https:\/\/www.vagasparana.com.br\/#\/schema\/logo\/image\/","url":"https:\/\/www.vagasparana.com.br\/wp-content\/uploads\/2025\/06\/cropped-vpr_logo2021.jpg","contentUrl":"https:\/\/www.vagasparana.com.br\/wp-content\/uploads\/2025\/06\/cropped-vpr_logo2021.jpg","width":270,"height":100,"caption":"Vagas Paran\u00e1"},"image":{"@id":"https:\/\/www.vagasparana.com.br\/#\/schema\/logo\/image\/"}},{"@type":"Person","@id":"https:\/\/www.vagasparana.com.br\/#\/schema\/person\/e9f1b5eee80e419283ff066c3d1bf3de","name":"Vagas Paran\u00e1","image":{"@type":"ImageObject","inLanguage":"pt-BR","@id":"https:\/\/secure.gravatar.com\/avatar\/e198f9393383244894b06db503be8cb43011f384a429c7a9f84f3f61c138a35e?s=96&r=g","url":"https:\/\/secure.gravatar.com\/avatar\/e198f9393383244894b06db503be8cb43011f384a429c7a9f84f3f61c138a35e?s=96&r=g","contentUrl":"https:\/\/secure.gravatar.com\/avatar\/e198f9393383244894b06db503be8cb43011f384a429c7a9f84f3f61c138a35e?s=96&r=g","caption":"Vagas Paran\u00e1"},"url":"https:\/\/www.vagasparana.com.br\/index.php\/author\/vagasemprego\/"}]}},"_links":{"self":[{"href":"https:\/\/www.vagasparana.com.br\/index.php\/wp-json\/wp\/v2\/posts\/46650","targetHints":{"allow":["GET"]}}],"collection":[{"href":"https:\/\/www.vagasparana.com.br\/index.php\/wp-json\/wp\/v2\/posts"}],"about":[{"href":"https:\/\/www.vagasparana.com.br\/index.php\/wp-json\/wp\/v2\/types\/post"}],"author":[{"embeddable":true,"href":"https:\/\/www.vagasparana.com.br\/index.php\/wp-json\/wp\/v2\/users\/2"}],"replies":[{"embeddable":true,"href":"https:\/\/www.vagasparana.com.br\/index.php\/wp-json\/wp\/v2\/comments?post=46650"}],"version-history":[{"count":1,"href":"https:\/\/www.vagasparana.com.br\/index.php\/wp-json\/wp\/v2\/posts\/46650\/revisions"}],"predecessor-version":[{"id":46651,"href":"https:\/\/www.vagasparana.com.br\/index.php\/wp-json\/wp\/v2\/posts\/46650\/revisions\/46651"}],"wp:attachment":[{"href":"https:\/\/www.vagasparana.com.br\/index.php\/wp-json\/wp\/v2\/media?parent=46650"}],"wp:term":[{"taxonomy":"category","embeddable":true,"href":"https:\/\/www.vagasparana.com.br\/index.php\/wp-json\/wp\/v2\/categories?post=46650"},{"taxonomy":"post_tag","embeddable":true,"href":"https:\/\/www.vagasparana.com.br\/index.php\/wp-json\/wp\/v2\/tags?post=46650"}],"curies":[{"name":"wp","href":"https:\/\/api.w.org\/{rel}","templated":true}]}}